{"id":843,"date":"2026-03-14T09:19:52","date_gmt":"2026-03-14T09:19:52","guid":{"rendered":"https:\/\/kemerkent.net\/?p=843"},"modified":"2026-03-14T09:19:53","modified_gmt":"2026-03-14T09:19:53","slug":"kemerde-saglik-ordusuna-vefa-kaymakam-solmazdan-basari-belgesi","status":"publish","type":"post","link":"https:\/\/kemerkent.net\/?p=843","title":{"rendered":"KEMER\u2019DE SA\u011eLIK ORDUSUNA VEFA: KAYMAKAM SOLMAZ\u2019DAN BA\u015eARI BELGES\u0130"},"content":{"rendered":"\n<p><strong>14 Mart T\u0131p Bayram\u0131 vesilesiyle Kemer\u2019de d\u00fczenlenen t\u00f6rende, il\u00e7edeki sa\u011fl\u0131k hizmetlerinde \u00fcst\u00fcn gayret g\u00f6steren sa\u011fl\u0131k \u00e7al\u0131\u015fanlar\u0131 \u00f6d\u00fcllendirildi. Kaymakam Ahmet Solmaz, sa\u011fl\u0131k personeline ba\u015far\u0131 belgelerini bizzat takdim ederek te\u015fekk\u00fcr etti.<\/strong><\/p>\n\n\n\n<p>Kemer\u2019de halk sa\u011fl\u0131\u011f\u0131n\u0131 korumak ad\u0131na b\u00fcy\u00fck bir \u00f6zveriyle g\u00f6rev yapan sa\u011fl\u0131k \u00e7al\u0131\u015fanlar\u0131, anlaml\u0131 bir \u00f6d\u00fclle onurland\u0131r\u0131ld\u0131. Kemer Kaymakam\u0131 Ahmet Solmaz, insan hayat\u0131n\u0131 kurtarmak i\u00e7in mesai mefhumu g\u00f6zetmeksizin \u00e7al\u0131\u015fan doktor ve sa\u011fl\u0131k personelini makam\u0131nda a\u011f\u0131rlayarak ba\u015far\u0131 belgesi takdim etti.<\/p>\n\n\n\n<p><strong>&#8220;Vicdani ve Samimi Yakla\u015f\u0131mlar\u0131n\u0131z G\u00fcven Veriyor&#8221;<\/strong><br>T\u00f6rende duygular\u0131n\u0131 dile getiren Kaymakam Solmaz, sa\u011fl\u0131k hizmetinin sadece bir g\u00f6rev de\u011fil, bir g\u00f6n\u00fcl i\u015fi oldu\u011funu vurgulad\u0131. Solmaz konu\u015fmas\u0131nda \u015fu ifadelere yer verdi:<\/p>\n\n\n\n<p>&#8220;Sa\u011fl\u0131k hizmetini sunmak sizler i\u00e7in kamusal bir g\u00f6rev olsa da, vicdani ve samimi yakla\u015f\u0131mlar\u0131n\u0131zla vatanda\u015flar\u0131m\u0131z\u0131n hem sa\u011fl\u0131\u011f\u0131n\u0131 hem de devlete olan g\u00fcvenini koruyorsunuz. Bu belgeler, ortaya koydu\u011funuz b\u00fcy\u00fck gayret ve emeklerin k\u00fc\u00e7\u00fck bir ni\u015fanesidir. Hepinize te\u015fekk\u00fcr ediyorum.&#8221;<\/p>\n\n\n\n<figure class=\"wp-block-image size-full\"><img loading=\"lazy\" decoding=\"async\" width=\"900\" height=\"675\" src=\"https:\/\/kemerkent.net\/wp-content\/uploads\/2026\/03\/scal1.jpg\" alt=\"\" class=\"wp-image-844\" srcset=\"https:\/\/kemerkent.net\/wp-content\/uploads\/2026\/03\/scal1.jpg 900w, https:\/\/kemerkent.net\/wp-content\/uploads\/2026\/03\/scal1-300x225.jpg 300w, https:\/\/kemerkent.net\/wp-content\/uploads\/2026\/03\/scal1-768x576.jpg 768w\" sizes=\"auto, (max-width: 900px) 100vw, 900px\" \/><\/figure>\n\n\n\n<p><strong>14 Mart T\u0131p Bayram\u0131 Kutlamas\u0131<\/strong><br>\u0130l\u00e7edeki sa\u011fl\u0131k kurumlar\u0131n\u0131n temsilcilerinin kat\u0131ld\u0131\u011f\u0131 t\u00f6rende, t\u00fcm sa\u011fl\u0131k camias\u0131n\u0131n 14 Mart T\u0131p Bayram\u0131 kutland\u0131. Kaymakam Solmaz, sa\u011fl\u0131k \u00e7al\u0131\u015fanlar\u0131n\u0131n toplumun temel ta\u015f\u0131 oldu\u011funu belirterek, her bir personelin \u00e7al\u0131\u015fmalar\u0131nda ba\u015far\u0131lar\u0131n\u0131n devam\u0131n\u0131 diledi.<\/p>\n","protected":false},"excerpt":{"rendered":"<p>14 Mart T\u0131p Bayram\u0131 vesilesiyle Kemer\u2019de d\u00fczenlenen t\u00f6rende, il\u00e7edeki sa\u011fl\u0131k hizmetlerinde \u00fcst\u00fcn gayret g\u00f6steren sa\u011fl\u0131k&#8230;<\/p>\n","protected":false},"author":1,"featured_media":845,"comment_status":"open","ping_status":"open","sticky":false,"template":"","format":"standard","meta":{"footnotes":""},"categories":[1],"tags":[],"class_list":["post-843","post","type-post","status-publish","format-standard","has-post-thumbnail","hentry","category-uncategorized"],"_links":{"self":[{"href":"https:\/\/kemerkent.net\/index.php?rest_route=\/wp\/v2\/posts\/843","targetHints":{"allow":["GET"]}}],"collection":[{"href":"https:\/\/kemerkent.net\/index.php?rest_route=\/wp\/v2\/posts"}],"about":[{"href":"https:\/\/kemerkent.net\/index.php?rest_route=\/wp\/v2\/types\/post"}],"author":[{"embeddable":true,"href":"https:\/\/kemerkent.net\/index.php?rest_route=\/wp\/v2\/users\/1"}],"replies":[{"embeddable":true,"href":"https:\/\/kemerkent.net\/index.php?rest_route=%2Fwp%2Fv2%2Fcomments&post=843"}],"version-history":[{"count":1,"href":"https:\/\/kemerkent.net\/index.php?rest_route=\/wp\/v2\/posts\/843\/revisions"}],"predecessor-version":[{"id":846,"href":"https:\/\/kemerkent.net\/index.php?rest_route=\/wp\/v2\/posts\/843\/revisions\/846"}],"wp:featuredmedia":[{"embeddable":true,"href":"https:\/\/kemerkent.net\/index.php?rest_route=\/wp\/v2\/media\/845"}],"wp:attachment":[{"href":"https:\/\/kemerkent.net\/index.php?rest_route=%2Fwp%2Fv2%2Fmedia&parent=843"}],"wp:term":[{"taxonomy":"category","embeddable":true,"href":"https:\/\/kemerkent.net\/index.php?rest_route=%2Fwp%2Fv2%2Fcategories&post=843"},{"taxonomy":"post_tag","embeddable":true,"href":"https:\/\/kemerkent.net\/index.php?rest_route=%2Fwp%2Fv2%2Ftags&post=843"}],"curies":[{"name":"wp","href":"https:\/\/api.w.org\/{rel}","templated":true}]}}