{"id":840,"date":"2026-03-14T09:07:42","date_gmt":"2026-03-14T09:07:42","guid":{"rendered":"https:\/\/kemerkent.net\/?p=840"},"modified":"2026-03-14T09:07:42","modified_gmt":"2026-03-14T09:07:42","slug":"perre-la-mer-hotelde-halil-ibrahim-erkal-donemi","status":"publish","type":"post","link":"https:\/\/kemerkent.net\/?p=840","title":{"rendered":"PERRE LA MER HOTEL\u2019DE HAL\u0130L \u0130BRAH\u0130M ERKAL D\u00d6NEM\u0130"},"content":{"rendered":"\n<p><strong>Antalya turizminin ve \u00f6zellikle Kemer b\u00f6lgesinin tecr\u00fcbeli isimlerinden Halil \u0130brahim Erkal, Kemer G\u00f6yn\u00fck\u2019\u00fcn k\u00f6kl\u00fc tesislerinden Perre La Mer Hotel Resort &amp; Spa\u2019n\u0131n Genel M\u00fcd\u00fcr\u00fc oldu.<\/strong><\/p>\n\n\n\n<p>Konaklama sekt\u00f6r\u00fcndeki uzun y\u0131llara dayanan deneyimi ve b\u00f6lge turizmine sa\u011flad\u0131\u011f\u0131 katk\u0131larla tan\u0131nan Halil \u0130brahim Erkal, kariyer yolculu\u011funa yeni bir ba\u015far\u0131 halkas\u0131 ekledi. Erkal, Kemer G\u00f6yn\u00fck mevkiinde hizmet veren ve b\u00f6lgenin \u00f6nemli tesisleri aras\u0131nda yer alan Perre La Mer Hotel Resort &amp; Spa\u2019n\u0131n y\u00f6netimini \u00fcstlendi.<\/p>\n\n\n\n<p><strong>Kemer Turizmine Deneyimli Dokunu\u015f<\/strong><br>Sekt\u00f6rdeki operasyonel g\u00fcc\u00fc ve vizyoner y\u00f6netim anlay\u0131\u015f\u0131yla tan\u0131nan Erkal\u2019\u0131n g\u00f6reve gelmesi, tesisin 2026 sezonu hedefleri do\u011frultusunda \u00f6nemli bir ad\u0131m olarak de\u011ferlendiriliyor. Misafir memnuniyeti ve hizmet kalitesini oda\u011f\u0131na alan tecr\u00fcbeli y\u00f6netici, Perre La Mer\u2019in b\u00f6lgedeki rekabet\u00e7i konumunu daha da g\u00fc\u00e7lendirmeyi hedefliyor.<\/p>\n\n\n\n<p><strong>Sekt\u00f6rden Tebrik Mesajlar\u0131<\/strong><br>Halil \u0130brahim Erkal\u2019\u0131n genel m\u00fcd\u00fcrl\u00fck koltu\u011funa oturmas\u0131, Kemer turizm camias\u0131nda da memnuniyetle kar\u015f\u0131land\u0131. Sekt\u00f6r payda\u015flar\u0131, b\u00f6lgeyi ve dinamikleri \u00e7ok iyi bilen bir ismin b\u00f6yle bir g\u00f6reve gelmesinin hem tesis hem de Kemer turizmi i\u00e7in b\u00fcy\u00fck bir kazan\u00e7 oldu\u011fu vurgusunda bulundu.<\/p>\n","protected":false},"excerpt":{"rendered":"<p>Antalya turizminin ve \u00f6zellikle Kemer b\u00f6lgesinin tecr\u00fcbeli isimlerinden Halil \u0130brahim Erkal, Kemer G\u00f6yn\u00fck\u2019\u00fcn k\u00f6kl\u00fc tesislerinden&#8230;<\/p>\n","protected":false},"author":1,"featured_media":841,"comment_status":"open","ping_status":"open","sticky":false,"template":"","format":"standard","meta":{"footnotes":""},"categories":[1],"tags":[],"class_list":["post-840","post","type-post","status-publish","format-standard","has-post-thumbnail","hentry","category-uncategorized"],"_links":{"self":[{"href":"https:\/\/kemerkent.net\/index.php?rest_route=\/wp\/v2\/posts\/840","targetHints":{"allow":["GET"]}}],"collection":[{"href":"https:\/\/kemerkent.net\/index.php?rest_route=\/wp\/v2\/posts"}],"about":[{"href":"https:\/\/kemerkent.net\/index.php?rest_route=\/wp\/v2\/types\/post"}],"author":[{"embeddable":true,"href":"https:\/\/kemerkent.net\/index.php?rest_route=\/wp\/v2\/users\/1"}],"replies":[{"embeddable":true,"href":"https:\/\/kemerkent.net\/index.php?rest_route=%2Fwp%2Fv2%2Fcomments&post=840"}],"version-history":[{"count":1,"href":"https:\/\/kemerkent.net\/index.php?rest_route=\/wp\/v2\/posts\/840\/revisions"}],"predecessor-version":[{"id":842,"href":"https:\/\/kemerkent.net\/index.php?rest_route=\/wp\/v2\/posts\/840\/revisions\/842"}],"wp:featuredmedia":[{"embeddable":true,"href":"https:\/\/kemerkent.net\/index.php?rest_route=\/wp\/v2\/media\/841"}],"wp:attachment":[{"href":"https:\/\/kemerkent.net\/index.php?rest_route=%2Fwp%2Fv2%2Fmedia&parent=840"}],"wp:term":[{"taxonomy":"category","embeddable":true,"href":"https:\/\/kemerkent.net\/index.php?rest_route=%2Fwp%2Fv2%2Fcategories&post=840"},{"taxonomy":"post_tag","embeddable":true,"href":"https:\/\/kemerkent.net\/index.php?rest_route=%2Fwp%2Fv2%2Ftags&post=840"}],"curies":[{"name":"wp","href":"https:\/\/api.w.org\/{rel}","templated":true}]}}