{"id":836,"date":"2026-03-13T10:01:42","date_gmt":"2026-03-13T10:01:42","guid":{"rendered":"https:\/\/kemerkent.net\/?p=836"},"modified":"2026-03-13T10:01:43","modified_gmt":"2026-03-13T10:01:43","slug":"kemer-esnafi-moskova-vitrininde-baskan-okay-celik-mitt-fuarinda","status":"publish","type":"post","link":"https:\/\/kemerkent.net\/?p=836","title":{"rendered":"KEMER ESNAFI MOSKOVA V\u0130TR\u0130N\u0130NDE: BA\u015eKAN OKAY \u00c7EL\u0130K MITT FUARI\u2019NDA"},"content":{"rendered":"\n<p>Kemer Esnaf ve Sanatk\u00e2rlar Odas\u0131 Ba\u015fkan\u0131 Okay \u00c7elik, Rusya\u2019n\u0131n en b\u00fcy\u00fck turizm bulu\u015fmalar\u0131ndan biri olan MITT Moskova Turizm Fuar\u0131\u2019na kat\u0131larak Kemer esnaf\u0131n\u0131n tan\u0131t\u0131m\u0131 i\u00e7in \u00f6nemli temaslarda bulundu. Fuarda &#8220;G\u00fc\u00e7l\u00fc Esnaf, G\u00fc\u00e7l\u00fc Kemer&#8221; mesaj\u0131 verildi.<\/p>\n\n\n\n<p>Kemer\u2019in turizm ekonomisindeki en \u00f6nemli dinamiklerinden biri olan yerel esnaf, Rusya pazar\u0131nda temsil ediliyor. Kemer Esnaf ve Sanatk\u00e2rlar Odas\u0131 Ba\u015fkan\u0131 Okay \u00c7elik, d\u00fcnyan\u0131n say\u0131l\u0131 turizm organizasyonlar\u0131 aras\u0131nda yer alan MITT Moskova\u2019da b\u00f6lge esnaf\u0131n\u0131n uluslararas\u0131 bilinirli\u011fini art\u0131rmak ve sekt\u00f6r profesyonelleriyle yeni k\u00f6pr\u00fcler kurmak amac\u0131yla yerini ald\u0131.<\/p>\n\n\n\n<p><strong>Hedef: B\u00f6lge Ekonomisine Do\u011frudan Katk\u0131<\/strong><br>\u00dc\u00e7 g\u00fcn s\u00fcrecek olan fuar maratonunda Ba\u015fkan \u00c7elik; turizm profesyonelleri, seyahat acenteleri ve sekt\u00f6r temsilcileri ile bir dizi g\u00f6r\u00fc\u015fme ger\u00e7ekle\u015ftiriyor. Kemer\u2019in sundu\u011fu hizmet \u00e7e\u015fitlili\u011fini ve esnaf\u0131n turizmdeki rol\u00fcn\u00fc anlatan \u00c7elik, bu temaslar\u0131n b\u00f6lge ekonomisine do\u011frudan girdi sa\u011flamas\u0131n\u0131 hedeflediklerini belirtti.<\/p>\n\n\n\n<p><strong>\u201cG\u00fc\u00e7l\u00fc Esnaf, G\u00fc\u00e7l\u00fc Kemer\u201d<\/strong><br>G\u00f6reve ba\u015flad\u0131\u011f\u0131 k\u0131sa s\u00fcre i\u00e7erisinde tan\u0131t\u0131m faaliyetlerine h\u0131z veren Kemer Esnaf ve Sanatk\u00e2rlar Odas\u0131 y\u00f6netiminden yap\u0131lan a\u00e7\u0131klamada, turizmin yerel ticaret i\u00e7in can damar\u0131 oldu\u011fu vurguland\u0131. A\u00e7\u0131klamada \u015fu ifadelere yer verildi:<\/p>\n\n\n\n<p>&#8220;G\u00fc\u00e7l\u00fc esnaf, g\u00fc\u00e7l\u00fc Kemer anlay\u0131\u015f\u0131yla \u00e7\u0131kt\u0131\u011f\u0131m\u0131z bu yolda, Kemer\u2019in potansiyelini uluslararas\u0131 her platformda anlatmaya kararl\u0131y\u0131z. Esnaf\u0131m\u0131z\u0131n sundu\u011fu kaliteli hizmeti d\u00fcnyaya tan\u0131tarak Kemer\u2019deki turizm hareketlili\u011fini art\u0131rmay\u0131 ama\u00e7l\u0131yoruz.&#8221;<\/p>\n\n\n\n<figure class=\"wp-block-image size-full\"><img loading=\"lazy\" decoding=\"async\" width=\"721\" height=\"977\" src=\"https:\/\/kemerkent.net\/wp-content\/uploads\/2026\/03\/mitt_okayc2.jpg\" alt=\"\" class=\"wp-image-837\" srcset=\"https:\/\/kemerkent.net\/wp-content\/uploads\/2026\/03\/mitt_okayc2.jpg 721w, https:\/\/kemerkent.net\/wp-content\/uploads\/2026\/03\/mitt_okayc2-221x300.jpg 221w\" sizes=\"auto, (max-width: 721px) 100vw, 721px\" \/><\/figure>\n\n\n\n<p><strong>Uluslararas\u0131 Kitleye Do\u011frudan Eri\u015fim<\/strong><br>Fuar boyunca yap\u0131lacak olan g\u00f6r\u00fc\u015fmelerle, Rus turistlerin Kemer\u2019deki esnafla olan ba\u011f\u0131n\u0131n g\u00fc\u00e7lendirilmesi ve b\u00f6lge \u00e7ar\u015f\u0131s\u0131n\u0131n uluslararas\u0131 kitleye daha etkin bir \u015fekilde pazarlanmas\u0131 hedefleniyor.<\/p>\n","protected":false},"excerpt":{"rendered":"<p>Kemer Esnaf ve Sanatk\u00e2rlar Odas\u0131 Ba\u015fkan\u0131 Okay \u00c7elik, Rusya\u2019n\u0131n en b\u00fcy\u00fck turizm bulu\u015fmalar\u0131ndan biri olan&#8230;<\/p>\n","protected":false},"author":1,"featured_media":838,"comment_status":"open","ping_status":"open","sticky":false,"template":"","format":"standard","meta":{"footnotes":""},"categories":[1],"tags":[],"class_list":["post-836","post","type-post","status-publish","format-standard","has-post-thumbnail","hentry","category-uncategorized"],"_links":{"self":[{"href":"https:\/\/kemerkent.net\/index.php?rest_route=\/wp\/v2\/posts\/836","targetHints":{"allow":["GET"]}}],"collection":[{"href":"https:\/\/kemerkent.net\/index.php?rest_route=\/wp\/v2\/posts"}],"about":[{"href":"https:\/\/kemerkent.net\/index.php?rest_route=\/wp\/v2\/types\/post"}],"author":[{"embeddable":true,"href":"https:\/\/kemerkent.net\/index.php?rest_route=\/wp\/v2\/users\/1"}],"replies":[{"embeddable":true,"href":"https:\/\/kemerkent.net\/index.php?rest_route=%2Fwp%2Fv2%2Fcomments&post=836"}],"version-history":[{"count":1,"href":"https:\/\/kemerkent.net\/index.php?rest_route=\/wp\/v2\/posts\/836\/revisions"}],"predecessor-version":[{"id":839,"href":"https:\/\/kemerkent.net\/index.php?rest_route=\/wp\/v2\/posts\/836\/revisions\/839"}],"wp:featuredmedia":[{"embeddable":true,"href":"https:\/\/kemerkent.net\/index.php?rest_route=\/wp\/v2\/media\/838"}],"wp:attachment":[{"href":"https:\/\/kemerkent.net\/index.php?rest_route=%2Fwp%2Fv2%2Fmedia&parent=836"}],"wp:term":[{"taxonomy":"category","embeddable":true,"href":"https:\/\/kemerkent.net\/index.php?rest_route=%2Fwp%2Fv2%2Fcategories&post=836"},{"taxonomy":"post_tag","embeddable":true,"href":"https:\/\/kemerkent.net\/index.php?rest_route=%2Fwp%2Fv2%2Ftags&post=836"}],"curies":[{"name":"wp","href":"https:\/\/api.w.org\/{rel}","templated":true}]}}