{"id":831,"date":"2026-03-13T09:55:16","date_gmt":"2026-03-13T09:55:16","guid":{"rendered":"https:\/\/kemerkent.net\/?p=831"},"modified":"2026-03-13T09:55:16","modified_gmt":"2026-03-13T09:55:16","slug":"kemerde-buyuk-aile-sofrasi-gonulleri-birlestirdi","status":"publish","type":"post","link":"https:\/\/kemerkent.net\/?p=831","title":{"rendered":"KEMER\u2019DE &#8216;B\u00dcY\u00dcK A\u0130LE SOFRASI&#8217; G\u00d6N\u00dcLLER\u0130 B\u0130RLE\u015eT\u0130RD\u0130"},"content":{"rendered":"\n<p><strong>Kemer Kaymakaml\u0131\u011f\u0131 himayesinde d\u00fczenlenen &#8220;B\u00fcy\u00fck Aile Sofras\u0131&#8221; iftar program\u0131, toplumun t\u00fcm kesimlerini ayn\u0131 sofrada bulu\u015fturdu. \u0130stiklal Mar\u015f\u0131\u2019n\u0131n kabul\u00fcn\u00fcn y\u0131l d\u00f6n\u00fcm\u00fcne denk gelen anlaml\u0131 gecede, birlik ve beraberlik mesajlar\u0131 verildi.<\/strong><\/p>\n\n\n\n<p>Kemer\u2019de Ramazan ay\u0131n\u0131n manevi iklimi, devlet ve milletin kucakla\u015ft\u0131\u011f\u0131 \u00f6zel bir organizasyonla ta\u00e7land\u0131. Kemer Kaymakaml\u0131\u011f\u0131 taraf\u0131ndan \u015fehit aileleri, gaziler, koruyucu aileler, muhtarlar ve STK temsilcilerinin kat\u0131l\u0131m\u0131yla d\u00fczenlenen \u201cB\u00fcy\u00fck Aile Sofras\u0131\u201d iftar program\u0131, Limak Limra Hotel\u2019de ger\u00e7ekle\u015ftirildi.<\/p>\n\n\n\n<figure class=\"wp-block-image size-full\"><img loading=\"lazy\" decoding=\"async\" width=\"900\" height=\"506\" src=\"https:\/\/kemerkent.net\/wp-content\/uploads\/2026\/03\/buyukaile2.jpg\" alt=\"\" class=\"wp-image-832\" srcset=\"https:\/\/kemerkent.net\/wp-content\/uploads\/2026\/03\/buyukaile2.jpg 900w, https:\/\/kemerkent.net\/wp-content\/uploads\/2026\/03\/buyukaile2-300x169.jpg 300w, https:\/\/kemerkent.net\/wp-content\/uploads\/2026\/03\/buyukaile2-768x432.jpg 768w\" sizes=\"auto, (max-width: 900px) 100vw, 900px\" \/><\/figure>\n\n\n\n<p><strong>Anlaml\u0131 G\u00fcnde \u00c7ifte Gurur<\/strong><br>Program\u0131n 12 Mart tarihine denk gelmesi, geceye farkl\u0131 bir anlam katt\u0131. \u0130ftar \u00f6ncesi davetlilere hitap eden Kemer Kaymakam\u0131 Ahmet Solmaz, ba\u011f\u0131ms\u0131zl\u0131\u011f\u0131m\u0131z\u0131n sembol\u00fc olan \u0130stiklal Mar\u015f\u0131\u2019n\u0131n kabul\u00fcn\u00fcn y\u0131l d\u00f6n\u00fcm\u00fcn\u00fc kutlayarak ba\u015flad\u0131\u011f\u0131 konu\u015fmas\u0131nda, toplumun farkl\u0131 kesimleriyle ayn\u0131 sofray\u0131 payla\u015fman\u0131n \u00f6nemine de\u011findi.<\/p>\n\n\n\n<p><strong>&#8220;\u015eehitlerimiz ve Gazilerimiz Onur Kayna\u011f\u0131m\u0131zd\u0131r&#8221;<\/strong><br>Kaymakam Solmaz, konu\u015fmas\u0131nda \u015fehit ve gazi ailelerine y\u00f6nelik vefa vurgusu yaparak \u015funlar\u0131 s\u00f6yledi:<\/p>\n\n\n\n<p>&#8220;Aziz \u015fehitlerimizin hat\u0131ralar\u0131 milletimizin g\u00f6nl\u00fcnde daima ya\u015fayacak, gazilerimiz ise g\u00f6sterdikleri fedak\u00e2rl\u0131klarla her zaman onur kayna\u011f\u0131m\u0131z olacakt\u0131r. Devletimiz, t\u00fcm imkanlar\u0131yla her zaman sizlerin yan\u0131ndad\u0131r. Ramazan\u2019\u0131n bu bereketli sofras\u0131nda bir arada olmak, birli\u011fimizi daha da g\u00fc\u00e7lendiriyor.&#8221;<\/p>\n\n\n\n<p><strong>\u015eehitler \u0130\u00e7in Dualar Edildi<\/strong><br>Kemer \u0130l\u00e7e M\u00fcft\u00fcl\u00fc\u011f\u00fc taraf\u0131ndan okunan dualar e\u015fli\u011finde a\u00e7\u0131lan iftar\u0131n ard\u0131ndan, vatan u\u011fruna can veren kahramanlar rahmet ve minnetle an\u0131ld\u0131. Samimi bir atmosferde ge\u00e7en programda, Kemer\u2019deki sivil toplum kurulu\u015flar\u0131 ve kurum amirleri de \u015fehit aileleri ve gazilerle yak\u0131ndan ilgilendi.<\/p>\n\n\n\n<figure class=\"wp-block-image size-full\"><img loading=\"lazy\" decoding=\"async\" width=\"900\" height=\"495\" src=\"https:\/\/kemerkent.net\/wp-content\/uploads\/2026\/03\/buyukaile3.jpg\" alt=\"\" class=\"wp-image-833\" srcset=\"https:\/\/kemerkent.net\/wp-content\/uploads\/2026\/03\/buyukaile3.jpg 900w, https:\/\/kemerkent.net\/wp-content\/uploads\/2026\/03\/buyukaile3-300x165.jpg 300w, https:\/\/kemerkent.net\/wp-content\/uploads\/2026\/03\/buyukaile3-768x422.jpg 768w\" sizes=\"auto, (max-width: 900px) 100vw, 900px\" \/><\/figure>\n\n\n\n<p><strong>Limak Limra Hotel\u2019e Te\u015fekk\u00fcr<\/strong><br>Kemer Kaymakaml\u0131\u011f\u0131, organizasyona ev sahipli\u011fi yapan Limak Limra Hotel y\u00f6netimine ve programda eme\u011fi ge\u00e7en t\u00fcm g\u00f6revlilere te\u015fekk\u00fcrlerini sundu. Gecenin sonunda davetliler, birlik ve beraberlik ruhunun peki\u015fti\u011fi bu \u00f6zel bulu\u015fmadan memnuniyetle ayr\u0131ld\u0131.<\/p>\n","protected":false},"excerpt":{"rendered":"<p>Kemer Kaymakaml\u0131\u011f\u0131 himayesinde d\u00fczenlenen &#8220;B\u00fcy\u00fck Aile Sofras\u0131&#8221; iftar program\u0131, toplumun t\u00fcm kesimlerini ayn\u0131 sofrada bulu\u015fturdu&#8230;.<\/p>\n","protected":false},"author":1,"featured_media":834,"comment_status":"open","ping_status":"open","sticky":false,"template":"","format":"standard","meta":{"footnotes":""},"categories":[1],"tags":[],"class_list":["post-831","post","type-post","status-publish","format-standard","has-post-thumbnail","hentry","category-uncategorized"],"_links":{"self":[{"href":"https:\/\/kemerkent.net\/index.php?rest_route=\/wp\/v2\/posts\/831","targetHints":{"allow":["GET"]}}],"collection":[{"href":"https:\/\/kemerkent.net\/index.php?rest_route=\/wp\/v2\/posts"}],"about":[{"href":"https:\/\/kemerkent.net\/index.php?rest_route=\/wp\/v2\/types\/post"}],"author":[{"embeddable":true,"href":"https:\/\/kemerkent.net\/index.php?rest_route=\/wp\/v2\/users\/1"}],"replies":[{"embeddable":true,"href":"https:\/\/kemerkent.net\/index.php?rest_route=%2Fwp%2Fv2%2Fcomments&post=831"}],"version-history":[{"count":1,"href":"https:\/\/kemerkent.net\/index.php?rest_route=\/wp\/v2\/posts\/831\/revisions"}],"predecessor-version":[{"id":835,"href":"https:\/\/kemerkent.net\/index.php?rest_route=\/wp\/v2\/posts\/831\/revisions\/835"}],"wp:featuredmedia":[{"embeddable":true,"href":"https:\/\/kemerkent.net\/index.php?rest_route=\/wp\/v2\/media\/834"}],"wp:attachment":[{"href":"https:\/\/kemerkent.net\/index.php?rest_route=%2Fwp%2Fv2%2Fmedia&parent=831"}],"wp:term":[{"taxonomy":"category","embeddable":true,"href":"https:\/\/kemerkent.net\/index.php?rest_route=%2Fwp%2Fv2%2Fcategories&post=831"},{"taxonomy":"post_tag","embeddable":true,"href":"https:\/\/kemerkent.net\/index.php?rest_route=%2Fwp%2Fv2%2Ftags&post=831"}],"curies":[{"name":"wp","href":"https:\/\/api.w.org\/{rel}","templated":true}]}}