{"id":828,"date":"2026-03-12T09:27:23","date_gmt":"2026-03-12T09:27:23","guid":{"rendered":"https:\/\/kemerkent.net\/?p=828"},"modified":"2026-03-12T09:27:23","modified_gmt":"2026-03-12T09:27:23","slug":"gourmet-fest-kemer-5-yilinda-dunya-vitrinine-cikti","status":"publish","type":"post","link":"https:\/\/kemerkent.net\/?p=828","title":{"rendered":"GOURMET FEST KEMER 5. YILINDA D\u00dcNYA V\u0130TR\u0130N\u0130NE \u00c7IKTI"},"content":{"rendered":"\n<p>Antalya\u2019n\u0131n lezzet haritas\u0131n\u0131 d\u00fcnyaya tan\u0131tan Gourmet Fest Kemer, 5. y\u0131l\u0131n\u0131 kutluyor. Organizasyon Komitesi Ba\u015fkan\u0131 Murat Canik, Berlin\u2019de d\u00fczenlenen ITB Berlin Turizm Fuar\u0131\u2019nda yapt\u0131\u011f\u0131 a\u00e7\u0131klamada, festivalin b\u00f6lge tan\u0131t\u0131m\u0131ndaki kritik rol\u00fcne dikkat \u00e7ekti.<\/p>\n\n\n\n<p>Kemer\u2019in marka de\u011ferini gastronomi ile birle\u015ftiren Gourmet Fest Kemer, be\u015finci y\u0131l\u0131nda uluslararas\u0131 arenada g\u00f6vde g\u00f6sterisi yap\u0131yor. Turizm d\u00fcnyas\u0131n\u0131n en prestijli bulu\u015fmalar\u0131ndan biri olan ITB Berlin Turizm Fuar\u0131&#8217;na kat\u0131lan festival y\u00f6netimi, Kemer\u2019in sadece deniziyle de\u011fil, mutfak k\u00fclt\u00fcr\u00fcyle de \u00f6n planda oldu\u011funu vurgulad\u0131.<\/p>\n\n\n\n<p><strong>&#8220;B\u00f6lge Tan\u0131t\u0131m\u0131n\u0131 Gastronomi ile \u00d6ne \u00c7\u0131kar\u0131yoruz&#8221;<\/strong><br>Gourmet Fest Kemer Organizasyon Komitesi Ba\u015fkan\u0131 Murat Canik, fuar kapsam\u0131nda Touristik News kanal\u0131na \u00f6zel bir r\u00f6portaj verdi. Canik, festivalin geldi\u011fi noktay\u0131 de\u011ferlendirirken \u015fu ifadeleri kulland\u0131:<\/p>\n\n\n\n<p>&#8220;Gourmet Fest Kemer olarak be\u015finci y\u0131l\u0131m\u0131za ula\u015fman\u0131n gururunu ya\u015f\u0131yoruz. Hedefimiz, Kemer\u2019in zengin mutfak miras\u0131n\u0131 uluslararas\u0131 turizm profesyonelleriyle bulu\u015fturmak. Bu festivalle birlikte sadece yerel lezzetleri de\u011fil, ayn\u0131 zamanda b\u00f6lge tan\u0131t\u0131m\u0131n\u0131 da stratejik bir \u015fekilde \u00f6ne \u00e7\u0131kar\u0131yoruz.&#8221;<\/p>\n\n\n\n<p><strong>Berlin\u2019de Kemer R\u00fczgar\u0131<\/strong><br>Kemer\u2019in gastronomi turizmindeki potansiyelinin Avrupa pazar\u0131na tan\u0131t\u0131ld\u0131\u011f\u0131 fuarda, festivalin b\u00f6lge turizmini \u00e7e\u015fitlendirmedeki ba\u015far\u0131s\u0131 takdir toplad\u0131. 5. y\u0131l co\u015fkusuyla haz\u0131rl\u0131klar\u0131 s\u00fcren Gourmet Fest\u2019in, \u00f6n\u00fcm\u00fczdeki d\u00f6nemde daha fazla yabanc\u0131 turisti Kemer\u2019in lezzet duraklar\u0131na \u00e7ekmesi bekleniyor.<\/p>\n\n\n\n<iframe loading=\"lazy\" src=\"https:\/\/www.facebook.com\/plugins\/video.php?height=314&#038;href=https%3A%2F%2Fwww.facebook.com%2Freel%2F1968777910730602%2F&#038;show_text=false&#038;width=560&#038;t=0\" width=\"560\" height=\"314\" style=\"border:none;overflow:hidden\" scrolling=\"no\" frameborder=\"0\" allowfullscreen=\"true\" allow=\"autoplay; clipboard-write; encrypted-media; picture-in-picture; web-share\" allowFullScreen=\"true\"><\/iframe>\n","protected":false},"excerpt":{"rendered":"<p>Antalya\u2019n\u0131n lezzet haritas\u0131n\u0131 d\u00fcnyaya tan\u0131tan Gourmet Fest Kemer, 5. y\u0131l\u0131n\u0131 kutluyor. Organizasyon Komitesi Ba\u015fkan\u0131 Murat&#8230;<\/p>\n","protected":false},"author":1,"featured_media":829,"comment_status":"open","ping_status":"open","sticky":false,"template":"","format":"standard","meta":{"footnotes":""},"categories":[1],"tags":[],"class_list":["post-828","post","type-post","status-publish","format-standard","has-post-thumbnail","hentry","category-uncategorized"],"_links":{"self":[{"href":"https:\/\/kemerkent.net\/index.php?rest_route=\/wp\/v2\/posts\/828","targetHints":{"allow":["GET"]}}],"collection":[{"href":"https:\/\/kemerkent.net\/index.php?rest_route=\/wp\/v2\/posts"}],"about":[{"href":"https:\/\/kemerkent.net\/index.php?rest_route=\/wp\/v2\/types\/post"}],"author":[{"embeddable":true,"href":"https:\/\/kemerkent.net\/index.php?rest_route=\/wp\/v2\/users\/1"}],"replies":[{"embeddable":true,"href":"https:\/\/kemerkent.net\/index.php?rest_route=%2Fwp%2Fv2%2Fcomments&post=828"}],"version-history":[{"count":1,"href":"https:\/\/kemerkent.net\/index.php?rest_route=\/wp\/v2\/posts\/828\/revisions"}],"predecessor-version":[{"id":830,"href":"https:\/\/kemerkent.net\/index.php?rest_route=\/wp\/v2\/posts\/828\/revisions\/830"}],"wp:featuredmedia":[{"embeddable":true,"href":"https:\/\/kemerkent.net\/index.php?rest_route=\/wp\/v2\/media\/829"}],"wp:attachment":[{"href":"https:\/\/kemerkent.net\/index.php?rest_route=%2Fwp%2Fv2%2Fmedia&parent=828"}],"wp:term":[{"taxonomy":"category","embeddable":true,"href":"https:\/\/kemerkent.net\/index.php?rest_route=%2Fwp%2Fv2%2Fcategories&post=828"},{"taxonomy":"post_tag","embeddable":true,"href":"https:\/\/kemerkent.net\/index.php?rest_route=%2Fwp%2Fv2%2Ftags&post=828"}],"curies":[{"name":"wp","href":"https:\/\/api.w.org\/{rel}","templated":true}]}}