{"id":825,"date":"2026-03-11T11:02:45","date_gmt":"2026-03-11T11:02:45","guid":{"rendered":"https:\/\/kemerkent.net\/?p=825"},"modified":"2026-03-11T11:02:45","modified_gmt":"2026-03-11T11:02:45","slug":"kemerli-miniklerden-dogaya-nefes-benim-bez-cantam","status":"publish","type":"post","link":"https:\/\/kemerkent.net\/?p=825","title":{"rendered":"KEMERL\u0130 M\u0130N\u0130KLERDEN DO\u011eAYA NEFES: &#8220;BEN\u0130M BEZ \u00c7ANTAM&#8221;"},"content":{"rendered":"\n<p><strong>Kemer Merkez Mesleki ve Teknik Anadolu Lisesi \u00f6\u011frencileri, sosyal sorumluluk projesi kapsam\u0131nda \u00d6zg\u00fcl Canik Anaokulu minikleriyle bir araya geldi. &#8220;Benim Bez \u00c7antam&#8221; projesiyle erken ya\u015fta \u00e7evre bilinci ve s\u00fcrd\u00fcr\u00fclebilirlik vurgusu yap\u0131ld\u0131.<\/strong><\/p>\n\n\n\n<p>Kemer\u2019de \u00e7evre kirlili\u011fiyle m\u00fccadele ve s\u00fcrd\u00fcr\u00fclebilir bir gelecek i\u00e7in \u00f6rnek bir projeye imza at\u0131ld\u0131. Kemer Merkez Mesleki ve Teknik Anadolu Lisesi taraf\u0131ndan hayata ge\u00e7irilen \u201cBenim Bez \u00c7antam\u201d projesi ile plastik kullan\u0131m\u0131n\u0131n zararlar\u0131 ve do\u011fa dostu alternatifler minik \u00f6\u011frencilere anlat\u0131ld\u0131.<\/p>\n\n\n\n<p><strong>Liseli Gen\u00e7lerden Miniklere \u00c7evre Dersi<\/strong><br>Okul M\u00fcd\u00fcr\u00fc G\u00fcng\u00f6r Oru\u00e7 koordinasyonunda; \u00c7ocuk Geli\u015fimi Alan\u0131 \u00d6\u011fretmeni Ebru \u00c7a\u011fl\u0131 ve Biyoloji \u00d6\u011fretmeni Asude Eri\u015fti rehberli\u011finde haz\u0131rlanan proje, 11. s\u0131n\u0131f \u00c7ocuk Geli\u015fimi \u00f6\u011frencilerinin kat\u0131l\u0131m\u0131yla ger\u00e7ekle\u015ftirildi. \u00d6zg\u00fcl Canik Anaokulu\u2019nda d\u00fczenlenen etkinliklerde, plastik po\u015fet yerine bez \u00e7anta kullan\u0131m\u0131n\u0131n ekosistem \u00fczerindeki olumlu etkileri e\u011fitici oyunlar ve uygulamalarla payla\u015f\u0131ld\u0131.<\/p>\n\n\n\n<p><strong>E\u011flenerek \u00d6\u011frendiler<\/strong><br>Miniklerin b\u00fcy\u00fck ilgi g\u00f6sterdi\u011fi etkinlikte, \u00e7ocuklar kendi bez \u00e7antalar\u0131yla tan\u0131\u015f\u0131rken aktif kat\u0131l\u0131m sa\u011flad\u0131klar\u0131 \u00e7al\u0131\u015fmalarla keyifli anlar ya\u015fad\u0131. Proje sayesinde bir yandan anaokulu \u00f6\u011frencilerinde fark\u0131ndal\u0131k olu\u015fturulurken, di\u011fer yandan lise \u00f6\u011frencileri toplumsal sorumluluk alman\u0131n tecr\u00fcbesini edindi.<\/p>\n\n\n\n<p><strong>Kaymakaml\u0131ktan Te\u015fekk\u00fcr Mesaj\u0131<\/strong><br>Kemer Kaymakaml\u0131\u011f\u0131, projenin tamamlanmas\u0131n\u0131n ard\u0131ndan bir te\u015fekk\u00fcr mesaj\u0131 yay\u0131mlad\u0131. A\u00e7\u0131klamada, \u00e7evre bilincinin erken ya\u015flarda kazand\u0131r\u0131lmas\u0131n\u0131n \u00f6nemine dikkat \u00e7ekilerek \u015fu ifadelere yer verildi:<\/p>\n\n\n\n<p>&#8220;\u00d6\u011frencilerimizde \u00e7evre bilinci ve s\u00fcrd\u00fcr\u00fclebilirlik fark\u0131ndal\u0131\u011f\u0131 olu\u015fturmay\u0131 ama\u00e7layan bu anlaml\u0131 projede eme\u011fi ge\u00e7en okul y\u00f6neticilerimize, \u00f6\u011fretmenlerimize ve gelece\u011fin duyarl\u0131 bireyleri olan \u00f6\u011frencilerimize te\u015fekk\u00fcr ederiz.&#8221;<\/p>\n","protected":false},"excerpt":{"rendered":"<p>Kemer Merkez Mesleki ve Teknik Anadolu Lisesi \u00f6\u011frencileri, sosyal sorumluluk projesi kapsam\u0131nda \u00d6zg\u00fcl Canik Anaokulu&#8230;<\/p>\n","protected":false},"author":1,"featured_media":826,"comment_status":"open","ping_status":"open","sticky":false,"template":"","format":"standard","meta":{"footnotes":""},"categories":[1],"tags":[],"class_list":["post-825","post","type-post","status-publish","format-standard","has-post-thumbnail","hentry","category-uncategorized"],"_links":{"self":[{"href":"https:\/\/kemerkent.net\/index.php?rest_route=\/wp\/v2\/posts\/825","targetHints":{"allow":["GET"]}}],"collection":[{"href":"https:\/\/kemerkent.net\/index.php?rest_route=\/wp\/v2\/posts"}],"about":[{"href":"https:\/\/kemerkent.net\/index.php?rest_route=\/wp\/v2\/types\/post"}],"author":[{"embeddable":true,"href":"https:\/\/kemerkent.net\/index.php?rest_route=\/wp\/v2\/users\/1"}],"replies":[{"embeddable":true,"href":"https:\/\/kemerkent.net\/index.php?rest_route=%2Fwp%2Fv2%2Fcomments&post=825"}],"version-history":[{"count":1,"href":"https:\/\/kemerkent.net\/index.php?rest_route=\/wp\/v2\/posts\/825\/revisions"}],"predecessor-version":[{"id":827,"href":"https:\/\/kemerkent.net\/index.php?rest_route=\/wp\/v2\/posts\/825\/revisions\/827"}],"wp:featuredmedia":[{"embeddable":true,"href":"https:\/\/kemerkent.net\/index.php?rest_route=\/wp\/v2\/media\/826"}],"wp:attachment":[{"href":"https:\/\/kemerkent.net\/index.php?rest_route=%2Fwp%2Fv2%2Fmedia&parent=825"}],"wp:term":[{"taxonomy":"category","embeddable":true,"href":"https:\/\/kemerkent.net\/index.php?rest_route=%2Fwp%2Fv2%2Fcategories&post=825"},{"taxonomy":"post_tag","embeddable":true,"href":"https:\/\/kemerkent.net\/index.php?rest_route=%2Fwp%2Fv2%2Ftags&post=825"}],"curies":[{"name":"wp","href":"https:\/\/api.w.org\/{rel}","templated":true}]}}