{"id":822,"date":"2026-03-11T10:54:51","date_gmt":"2026-03-11T10:54:51","guid":{"rendered":"https:\/\/kemerkent.net\/?p=822"},"modified":"2026-03-11T10:54:52","modified_gmt":"2026-03-11T10:54:52","slug":"fashiontv-luxe-resort-yeni-atamalarla-kadrosunu-guclendiriyor","status":"publish","type":"post","link":"https:\/\/kemerkent.net\/?p=822","title":{"rendered":"FASH\u0130ONTV LUXE RESORT YEN\u0130 ATAMALARLA KADROSUNU G\u00dc\u00c7LEND\u0130R\u0130YOR"},"content":{"rendered":"\n<p><strong>Antalya\u2019n\u0131n g\u00f6zde tatil beldesi Kemer\u2019de Yaka Global \u00e7at\u0131s\u0131 alt\u0131nda hizmet veren FashionTV Luxe Resort, g\u00fc\u00e7l\u00fc y\u00f6netim kadrosuyla yeni sezona haz\u0131rlan\u0131yor.<\/strong><\/p>\n\n\n\n<p>2025 ikinci yar\u0131s\u0131ndan bu yana Genel M\u00fcd\u00fcrl\u00fc\u011f\u00fcn\u00fc Fethi \u0130z\u2019in y\u00fcr\u00fctt\u00fc\u011f\u00fc FashionTV Luxe Resort\u2019te ger\u00e7ekle\u015fen atamalarla, Murat G\u00fcler ve Murat Sar\u0131kaya Operasyon M\u00fcd\u00fcr\u00fc, Ersin Acarca Yiyecek- \u0130\u00e7ecek M\u00fcd\u00fcr\u00fc, Melih Ak\u00e7ora \u00d6nb\u00fcro M\u00fcd\u00fcr\u00fc, \u015eevket G\u00f6k\u00e7en Executive Cullinary Direkt\u00f6r\u00fc, Irina Goncharova Yorulmaz Brand &amp; Marketing Manager, Aida Dorbysheva Dede ise Sat\u0131\u015f ve Pazarlama Direkt\u00f6r Yard\u0131mc\u0131s\u0131 olarak g\u00f6rev alacak.<\/p>\n\n\n\n<p>Yaka Global \u00e7at\u0131s\u0131 alt\u0131nda hizmet veren FashionTV Luxe Resort, sekt\u00f6rde ba\u015far\u0131l\u0131 i\u015flere imza atan isimlerle kadrosunu geni\u015fletiyor. \u00dcst d\u00fczey atamalarla y\u00f6netim kadrosuna yeni isimler ekleyen FashionTV Luxe Resort, yeni sezonda g\u00fc\u00e7l\u00fc kadrosuyla misafirlerini a\u011f\u0131rlayacak.<\/p>\n\n\n\n<p>Yiyecek ve \u0130\u00e7ecek sekt\u00f6r\u00fcnde 20 y\u0131l\u0131 a\u015fk\u0131n deneyimiyle Murat G\u00fcler ve 25 y\u0131ll\u0131k sekt\u00f6r deneyimiyle Murat Sar\u0131kaya FashionTv Luxe Resort\u2019un Operasyon M\u00fcd\u00fcrl\u00fc\u011f\u00fc koltu\u011funda yer alacaklar. 22 y\u0131l\u0131 a\u015fk\u0131n s\u00fcredir her \u015fey dahil l\u00fcks konseptinde farkl\u0131 pozisyonlarda deneyimlere sahip Ersin Acarca ise FashionTv Luxe Resort\u2019te Yiyecek- \u0130\u00e7ecek M\u00fcd\u00fcr\u00fc olarak g\u00f6rev alacak. Yakla\u015f\u0131k 23 y\u0131ld\u0131r turizm sekt\u00f6r\u00fcnde \u00e7e\u015fitli g\u00f6revler \u00fcstlenen Melih Ak\u00e7ora ise otelin \u00d6nb\u00fcro M\u00fcd\u00fcrl\u00fc\u011f\u00fcn\u00fc y\u00fcr\u00fctecek. Zengin men\u00fcs\u00fcyle misafirlerini a\u011f\u0131rlayan FashionTv Luxe Resort\u2019\u00fcn mutfa\u011f\u0131 ise sekt\u00f6rde 20 y\u0131l\u0131 a\u015fk\u0131n tecr\u00fcbesiyle tan\u0131nan \u015eevket G\u00f6k\u00e7en\u2019e emanet edildi. Kariyerinde 12 y\u0131ll\u0131k Regnum Hotels ve 5 y\u0131ll\u0131k Ela Resort deneyimi bulunan G\u00f6k\u00e7en, Executive Cullinary Direkt\u00f6r\u00fc olarak FashionTv Luxe Resort\u2019te g\u00f6rev alacak. 10 y\u0131l\u0131 a\u015fk\u0131m s\u00fcredir alan\u0131nda ba\u015far\u0131l\u0131 i\u015flere imza atan Irina Goncharova Yorulmaz Brand &amp; Marketing Manager g\u00f6reviyle ekibe dahil oldu. Otelin Sat\u0131\u015f ve Pazarlama Direkt\u00f6r Yard\u0131mc\u0131l\u0131\u011f\u0131\u2019na ise Aida Dorbysheva Dede atand\u0131. Dede, otelin BDT sat\u0131\u015f ve pazarlama m\u00fcd\u00fcrl\u00fc\u011f\u00fc g\u00f6revini \u00fcstleniyordu.<\/p>\n","protected":false},"excerpt":{"rendered":"<p>Antalya\u2019n\u0131n g\u00f6zde tatil beldesi Kemer\u2019de Yaka Global \u00e7at\u0131s\u0131 alt\u0131nda hizmet veren FashionTV Luxe Resort, g\u00fc\u00e7l\u00fc&#8230;<\/p>\n","protected":false},"author":1,"featured_media":823,"comment_status":"open","ping_status":"open","sticky":false,"template":"","format":"standard","meta":{"footnotes":""},"categories":[1],"tags":[],"class_list":["post-822","post","type-post","status-publish","format-standard","has-post-thumbnail","hentry","category-uncategorized"],"_links":{"self":[{"href":"https:\/\/kemerkent.net\/index.php?rest_route=\/wp\/v2\/posts\/822","targetHints":{"allow":["GET"]}}],"collection":[{"href":"https:\/\/kemerkent.net\/index.php?rest_route=\/wp\/v2\/posts"}],"about":[{"href":"https:\/\/kemerkent.net\/index.php?rest_route=\/wp\/v2\/types\/post"}],"author":[{"embeddable":true,"href":"https:\/\/kemerkent.net\/index.php?rest_route=\/wp\/v2\/users\/1"}],"replies":[{"embeddable":true,"href":"https:\/\/kemerkent.net\/index.php?rest_route=%2Fwp%2Fv2%2Fcomments&post=822"}],"version-history":[{"count":1,"href":"https:\/\/kemerkent.net\/index.php?rest_route=\/wp\/v2\/posts\/822\/revisions"}],"predecessor-version":[{"id":824,"href":"https:\/\/kemerkent.net\/index.php?rest_route=\/wp\/v2\/posts\/822\/revisions\/824"}],"wp:featuredmedia":[{"embeddable":true,"href":"https:\/\/kemerkent.net\/index.php?rest_route=\/wp\/v2\/media\/823"}],"wp:attachment":[{"href":"https:\/\/kemerkent.net\/index.php?rest_route=%2Fwp%2Fv2%2Fmedia&parent=822"}],"wp:term":[{"taxonomy":"category","embeddable":true,"href":"https:\/\/kemerkent.net\/index.php?rest_route=%2Fwp%2Fv2%2Fcategories&post=822"},{"taxonomy":"post_tag","embeddable":true,"href":"https:\/\/kemerkent.net\/index.php?rest_route=%2Fwp%2Fv2%2Ftags&post=822"}],"curies":[{"name":"wp","href":"https:\/\/api.w.org\/{rel}","templated":true}]}}