{"id":818,"date":"2026-03-10T13:15:06","date_gmt":"2026-03-10T13:15:06","guid":{"rendered":"https:\/\/kemerkent.net\/?p=818"},"modified":"2026-03-10T13:15:06","modified_gmt":"2026-03-10T13:15:06","slug":"kemer-ekonomisinin-parlayan-yildizi-saray-pastanesinin-odullu-yukselisi","status":"publish","type":"post","link":"https:\/\/kemerkent.net\/?p=818","title":{"rendered":"KEMER EKONOM\u0130S\u0130N\u0130N PARLAYAN YILDIZI: SARAY PASTANES\u0130\u2019N\u0130N \u00d6D\u00dcLL\u00dc Y\u00dcKSEL\u0130\u015e\u0130"},"content":{"rendered":"\n<p>Kemer ekonomisine sa\u011flad\u0131\u011f\u0131 y\u00fcksek katma de\u011fer ve istihdamla dikkat \u00e7eken Saray Pastanesi, ba\u015far\u0131lar\u0131n\u0131 ald\u0131\u011f\u0131 \u00f6d\u00fcllerle ta\u00e7land\u0131rmaya devam ediyor. ATSO heyeti, il\u00e7enin vergi rekortmenleri aras\u0131nda yer alan k\u00f6kl\u00fc i\u015fletmeye nezaket ziyaretinde bulundu.<\/p>\n\n\n\n<p>Kurulu\u015fundan bu yana Kemer\u2019in sosyal ya\u015fam\u0131nda \u00f6nemli bir yer edinen ve g\u00fcn\u00fcn her saati misafirlerini a\u011f\u0131rlayan Saray Pastanesi, sadece lezzetleriyle de\u011fil, b\u00f6lge ekonomisine sundu\u011fu katk\u0131larla da ad\u0131ndan s\u00f6z ettiriyor. Kemer\u2019in &#8220;can damar\u0131&#8221; ve &#8220;bulu\u015fma noktas\u0131&#8221; olarak nitelendirilen i\u015fletme, ba\u015far\u0131 grafi\u011fini her ge\u00e7en y\u0131l yukar\u0131 ta\u015f\u0131yor.<\/p>\n\n\n\n<p><strong>Vergi Rekortmenli\u011finden \u0130stihdam \u00d6nc\u00fcl\u00fc\u011f\u00fcne<\/strong><br>Antalya Ticaret ve Sanayi Odas\u0131\u2019n\u0131n (ATSO) 142. y\u0131l etkinlikleri kapsam\u0131nda d\u00fczenlenen t\u00f6rende, Saray Pastanesi sahiplerinden Mehmet Y\u00f6n, &#8220;Ticari Kazan\u00e7&#8221; kategorisinde Kemer ikincisi olarak vergi \u00f6d\u00fcl\u00fcne lay\u0131k g\u00f6r\u00fclm\u00fc\u015ft\u00fc. 2025 y\u0131l\u0131nda da ayn\u0131 ba\u015far\u0131y\u0131 s\u00fcrd\u00fcren i\u015fletme, bu y\u0131l birinci olarak bu gururu t\u00fcm misafirleriyle payla\u015fman\u0131n mutlulu\u011funu ya\u015f\u0131yor.<\/p>\n\n\n\n<p><strong>ATSO\u2019dan Nezaket Ziyareti<\/strong><br>ATSO Kemer Temsilcili\u011fi heyeti, \u00fcye ziyaretleri kapsam\u0131nda Saray Pastanesi&#8217;nin g\u00fcler y\u00fczl\u00fc isimlerinden Yakup Y\u00f6n ile bir araya geldi. Samimi bir atmosferde ger\u00e7ekle\u015fen ziyarete ATSO yetkililerinin yan\u0131 s\u0131ra Antalya Tan\u0131t\u0131m Vakf\u0131 (ATAV) Genel Sekreteri Ay\u015feg\u00fcl Zeybek de e\u015flik etti.<\/p>\n\n\n\n<p>Ziyaret s\u0131ras\u0131nda ger\u00e7ekle\u015fen g\u00f6r\u00fc\u015fmede, yerel ekonominin g\u00fc\u00e7lendirilmesi \u00fczerine \u00f6nemli ba\u015fl\u0131klar de\u011ferlendirilirken; bu kapsamda Saray Pastanesi\u2019nin pastanecilik ve hizmet sekt\u00f6r\u00fcne getirdi\u011fi standartlar ile sekt\u00f6rel katk\u0131lar\u0131 ele al\u0131nd\u0131.<\/p>\n\n\n\n<p>Ayr\u0131ca, i\u015fletmenin b\u00f6lge halk\u0131na sa\u011flad\u0131\u011f\u0131 i\u015f olanaklar\u0131 ve yerel i\u015f g\u00fcc\u00fcn\u00fcn desteklenmesiyle olu\u015fan istihdam g\u00fcc\u00fc ile Kemer ekonomisine sundu\u011fu katma de\u011ferli \u00e7al\u0131\u015fmalar\u0131n \u00f6nemi vurgulanm\u0131\u015ft\u0131r.<\/p>\n\n\n\n<figure class=\"wp-block-image size-full\"><img loading=\"lazy\" decoding=\"async\" width=\"811\" height=\"534\" src=\"https:\/\/kemerkent.net\/wp-content\/uploads\/2026\/03\/saray2.jpg\" alt=\"\" class=\"wp-image-819\" srcset=\"https:\/\/kemerkent.net\/wp-content\/uploads\/2026\/03\/saray2.jpg 811w, https:\/\/kemerkent.net\/wp-content\/uploads\/2026\/03\/saray2-300x198.jpg 300w, https:\/\/kemerkent.net\/wp-content\/uploads\/2026\/03\/saray2-768x506.jpg 768w\" sizes=\"auto, (max-width: 811px) 100vw, 811px\" \/><\/figure>\n\n\n\n<p><strong>Ekonomi ve \u0130stihdam Masaya Yat\u0131r\u0131ld\u0131<\/strong><br>Ziyaret s\u0131ras\u0131nda ger\u00e7ekle\u015fen g\u00f6r\u00fc\u015fmede, yerel ekonominin g\u00fc\u00e7lendirilmesi \u00fczerine \u00f6nemli ba\u015fl\u0131klar de\u011ferlendirildi.<\/p>\n\n\n\n<p><strong>&#8220;Kemer Ekonomisine De\u011fer Kat\u0131yor&#8221;<\/strong><br>Ziyaret sonras\u0131 yap\u0131lan a\u00e7\u0131klamada, \u0130\u015fletme sahibi Mehmet Y\u00f6n ve ailesine sekt\u00f6rel ba\u015far\u0131lar\u0131 ile Kemer ekonomisine sa\u011flad\u0131klar\u0131 desteklerden dolay\u0131 te\u015fekk\u00fcr edildi. G\u00f6r\u00fc\u015fmenin an\u0131s\u0131na ATSO logolu \u00f6zel bir hediye takdim edilirken, yap\u0131lan a\u00e7\u0131klamada; &#8220;Nazik ev sahipli\u011fi ve misafirperverli\u011fi i\u00e7in \u00fcyemize te\u015fekk\u00fcr ederiz. Saray Pastanesi, Kemer i\u00e7in sadece bir i\u015fletme de\u011fil, bir de\u011ferdir,&#8221; denildi.<\/p>\n","protected":false},"excerpt":{"rendered":"<p>Kemer ekonomisine sa\u011flad\u0131\u011f\u0131 y\u00fcksek katma de\u011fer ve istihdamla dikkat \u00e7eken Saray Pastanesi, ba\u015far\u0131lar\u0131n\u0131 ald\u0131\u011f\u0131 \u00f6d\u00fcllerle&#8230;<\/p>\n","protected":false},"author":1,"featured_media":820,"comment_status":"open","ping_status":"open","sticky":false,"template":"","format":"standard","meta":{"footnotes":""},"categories":[1],"tags":[],"class_list":["post-818","post","type-post","status-publish","format-standard","has-post-thumbnail","hentry","category-uncategorized"],"_links":{"self":[{"href":"https:\/\/kemerkent.net\/index.php?rest_route=\/wp\/v2\/posts\/818","targetHints":{"allow":["GET"]}}],"collection":[{"href":"https:\/\/kemerkent.net\/index.php?rest_route=\/wp\/v2\/posts"}],"about":[{"href":"https:\/\/kemerkent.net\/index.php?rest_route=\/wp\/v2\/types\/post"}],"author":[{"embeddable":true,"href":"https:\/\/kemerkent.net\/index.php?rest_route=\/wp\/v2\/users\/1"}],"replies":[{"embeddable":true,"href":"https:\/\/kemerkent.net\/index.php?rest_route=%2Fwp%2Fv2%2Fcomments&post=818"}],"version-history":[{"count":1,"href":"https:\/\/kemerkent.net\/index.php?rest_route=\/wp\/v2\/posts\/818\/revisions"}],"predecessor-version":[{"id":821,"href":"https:\/\/kemerkent.net\/index.php?rest_route=\/wp\/v2\/posts\/818\/revisions\/821"}],"wp:featuredmedia":[{"embeddable":true,"href":"https:\/\/kemerkent.net\/index.php?rest_route=\/wp\/v2\/media\/820"}],"wp:attachment":[{"href":"https:\/\/kemerkent.net\/index.php?rest_route=%2Fwp%2Fv2%2Fmedia&parent=818"}],"wp:term":[{"taxonomy":"category","embeddable":true,"href":"https:\/\/kemerkent.net\/index.php?rest_route=%2Fwp%2Fv2%2Fcategories&post=818"},{"taxonomy":"post_tag","embeddable":true,"href":"https:\/\/kemerkent.net\/index.php?rest_route=%2Fwp%2Fv2%2Ftags&post=818"}],"curies":[{"name":"wp","href":"https:\/\/api.w.org\/{rel}","templated":true}]}}