{"id":815,"date":"2026-03-10T12:51:56","date_gmt":"2026-03-10T12:51:56","guid":{"rendered":"https:\/\/kemerkent.net\/?p=815"},"modified":"2026-03-10T12:51:56","modified_gmt":"2026-03-10T12:51:56","slug":"kemerde-gencler-kardeslik-sofrasinda-bulustu","status":"publish","type":"post","link":"https:\/\/kemerkent.net\/?p=815","title":{"rendered":"KEMER\u2019DE GEN\u00c7LER &#8220;KARDE\u015eL\u0130K SOFRASI&#8221;NDA BULU\u015eTU"},"content":{"rendered":"\n<p><strong>Kemer Kaymakaml\u0131\u011f\u0131 ve \u0130l\u00e7e M\u00fcft\u00fcl\u00fc\u011f\u00fc koordinesinde y\u00fcr\u00fct\u00fclen \u00c7EDES projesi kapsam\u0131nda, Arslanbucak Ortaokulu \u00f6\u011frencileri i\u00e7in \u00f6zel bir iftar program\u0131 d\u00fczenlendi. Karakoyun Camii\u2019nde bir araya gelen \u00f6\u011frenciler, Ramazan\u2019\u0131n manevi iklimini birlikte payla\u015ft\u0131.<\/strong><\/p>\n\n\n\n<p>Kemer\u2019de &#8220;\u00c7evreme Duyarl\u0131y\u0131m, De\u011ferlerime Sahip \u00c7\u0131k\u0131yorum&#8221; (\u00c7EDES) projesi, \u00f6\u011frencilerin milli ve manevi de\u011ferlerle bulu\u015ftu\u011fu anlaml\u0131 etkinliklerle devam ediyor. Kemer \u0130l\u00e7e M\u00fcft\u00fcl\u00fc\u011f\u00fc taraf\u0131ndan \u201cRamazan, Cami ve Hayat\u201d temas\u0131yla organize edilen bulu\u015fmada, Arslanbucak Ortaokulu \u00f6\u011frencileri cami atmosferinde iftar yapman\u0131n heyecan\u0131n\u0131 ya\u015fad\u0131.<\/p>\n\n\n\n<p><strong>&#8220;Camiler Birlik ve Beraberli\u011fin Bulu\u015fma Noktas\u0131d\u0131r&#8221;<\/strong><br>Karakoyun Camii\u2019nde ger\u00e7ekle\u015ftirilen programda, Ramazan ay\u0131n\u0131n sadece bir ibadet ay\u0131 de\u011fil; ayn\u0131 zamanda payla\u015fma, yard\u0131mla\u015fma ve toplumsal dayan\u0131\u015fma ay\u0131 oldu\u011funa vurgu yap\u0131ld\u0131. Etkinlikte, camilerin sosyal hayattaki rol\u00fcne dikkat \u00e7ekilerek, bu mekanlar\u0131n karde\u015flik duygular\u0131n\u0131n peki\u015fti\u011fi en \u00f6nemli merkezler oldu\u011fu ifade edildi.<\/p>\n\n\n\n<p><strong>\u0130l\u00e7e M\u00fcft\u00fcs\u00fc Karata\u015f\u2019tan \u00d6\u011frencilere \u00d6zel Sohbet<\/strong><br>\u0130ftar yeme\u011finin ard\u0131ndan Kemer \u0130l\u00e7e M\u00fcft\u00fcs\u00fc Muttalip Karata\u015f taraf\u0131ndan iftar duas\u0131 yap\u0131ld\u0131. Karata\u015f, yemek sonras\u0131 \u00f6\u011frencilerle samimi bir sohbet ger\u00e7ekle\u015ftirerek Ramazan\u2019\u0131n de\u011ferleri \u00fczerine payla\u015f\u0131mlarda bulundu. Gen\u00e7lerin yo\u011fun ilgi g\u00f6sterdi\u011fi programda, birlikte iftar a\u00e7man\u0131n getirdi\u011fi birliktelik ruhu y\u00fczlere yans\u0131d\u0131.<\/p>\n\n\n\n<p><strong>Eme\u011fi Ge\u00e7enlere Te\u015fekk\u00fcr<\/strong><br>Program\u0131n sonunda, \u00f6\u011frencilerin bu manevi atmosferi solumas\u0131na katk\u0131 sa\u011flayan okul y\u00f6netimine, din g\u00f6revlilerine ve hay\u0131rseverlere te\u015fekk\u00fcr edildi. Kemer Kaymakaml\u0131\u011f\u0131 ve M\u00fcft\u00fcl\u00fck, bu t\u00fcr etkinliklerle gen\u00e7lerin toplumsal de\u011ferlerle i\u00e7 i\u00e7e b\u00fcy\u00fcmesini desteklemeye devam edeceklerini belirtti.<\/p>\n","protected":false},"excerpt":{"rendered":"<p>Kemer Kaymakaml\u0131\u011f\u0131 ve \u0130l\u00e7e M\u00fcft\u00fcl\u00fc\u011f\u00fc koordinesinde y\u00fcr\u00fct\u00fclen \u00c7EDES projesi kapsam\u0131nda, Arslanbucak Ortaokulu \u00f6\u011frencileri i\u00e7in \u00f6zel&#8230;<\/p>\n","protected":false},"author":1,"featured_media":816,"comment_status":"open","ping_status":"open","sticky":false,"template":"","format":"standard","meta":{"footnotes":""},"categories":[1],"tags":[],"class_list":["post-815","post","type-post","status-publish","format-standard","has-post-thumbnail","hentry","category-uncategorized"],"_links":{"self":[{"href":"https:\/\/kemerkent.net\/index.php?rest_route=\/wp\/v2\/posts\/815","targetHints":{"allow":["GET"]}}],"collection":[{"href":"https:\/\/kemerkent.net\/index.php?rest_route=\/wp\/v2\/posts"}],"about":[{"href":"https:\/\/kemerkent.net\/index.php?rest_route=\/wp\/v2\/types\/post"}],"author":[{"embeddable":true,"href":"https:\/\/kemerkent.net\/index.php?rest_route=\/wp\/v2\/users\/1"}],"replies":[{"embeddable":true,"href":"https:\/\/kemerkent.net\/index.php?rest_route=%2Fwp%2Fv2%2Fcomments&post=815"}],"version-history":[{"count":1,"href":"https:\/\/kemerkent.net\/index.php?rest_route=\/wp\/v2\/posts\/815\/revisions"}],"predecessor-version":[{"id":817,"href":"https:\/\/kemerkent.net\/index.php?rest_route=\/wp\/v2\/posts\/815\/revisions\/817"}],"wp:featuredmedia":[{"embeddable":true,"href":"https:\/\/kemerkent.net\/index.php?rest_route=\/wp\/v2\/media\/816"}],"wp:attachment":[{"href":"https:\/\/kemerkent.net\/index.php?rest_route=%2Fwp%2Fv2%2Fmedia&parent=815"}],"wp:term":[{"taxonomy":"category","embeddable":true,"href":"https:\/\/kemerkent.net\/index.php?rest_route=%2Fwp%2Fv2%2Fcategories&post=815"},{"taxonomy":"post_tag","embeddable":true,"href":"https:\/\/kemerkent.net\/index.php?rest_route=%2Fwp%2Fv2%2Ftags&post=815"}],"curies":[{"name":"wp","href":"https:\/\/api.w.org\/{rel}","templated":true}]}}