{"id":808,"date":"2026-03-09T13:20:14","date_gmt":"2026-03-09T13:20:14","guid":{"rendered":"https:\/\/kemerkent.net\/?p=808"},"modified":"2026-03-09T13:20:14","modified_gmt":"2026-03-09T13:20:14","slug":"kemerde-yerlesik-yabancilar-ve-ihtida-edenler-iftarda-bir-araya-geldi","status":"publish","type":"post","link":"https:\/\/kemerkent.net\/?p=808","title":{"rendered":"KEMER\u2019DE YERLE\u015e\u0130K YABANCILAR VE \u0130HT\u0130DA EDENLER \u0130FTARDA B\u0130R ARAYA GELD\u0130"},"content":{"rendered":"\n<p><strong>Kemer Kaymakam\u0131 Ahmet Solmaz, \u0130l\u00e7e M\u00fcft\u00fcl\u00fc\u011f\u00fc taraf\u0131ndan d\u00fczenlenen \u00f6zel bir iftar program\u0131na kat\u0131ld\u0131. \u0130slamiyet\u2019i se\u00e7en ve \u0130slam dinine ilgi duyan yabanc\u0131 uyruklu vatanda\u015flar\u0131n a\u011f\u0131rland\u0131\u011f\u0131 programda, birlik ve beraberlik mesajlar\u0131 verildi.<\/strong><\/p>\n\n\n\n<p>Kemer \u0130l\u00e7e M\u00fcft\u00fcl\u00fc\u011f\u00fc, Ramazan ay\u0131n\u0131n ruhuna uygun, kapsay\u0131c\u0131 bir organizasyona imza att\u0131. \u0130l\u00e7ede ya\u015fayan, ihtida ederek \u0130slamiyet\u2019i kabul eden vatanda\u015flar ile \u0130slam dinini tan\u0131mak isteyen yabanc\u0131 uyruklu sakinler i\u00e7in d\u00fczenlenen iftar program\u0131, Kemer Pastanesi\u2019nde ger\u00e7ekle\u015ftirildi.<\/p>\n\n\n\n<p><strong>&#8220;Ayn\u0131 Sofrada Bulu\u015fmak Dayan\u0131\u015fmay\u0131 Peki\u015ftiriyor&#8221;<\/strong><br>Programda bir konu\u015fma yapan Kemer Kaymakam\u0131 Ahmet Solmaz, Ramazan ay\u0131n\u0131n toplumsal hayattaki \u00f6nemine dikkat \u00e7ekti. Farkl\u0131 k\u00fclt\u00fcr ve k\u00f6kenlerden gelen insanlar\u0131n ayn\u0131 sofra etraf\u0131nda toplanmas\u0131n\u0131n k\u0131ymetli oldu\u011funu vurgulayan Solmaz, \u015fu ifadeleri kulland\u0131:<\/p>\n\n\n\n<p>&#8220;Ramazan ay\u0131; birlik, beraberlik ve karde\u015flik duygular\u0131n\u0131 en \u00fcst seviyeye \u00e7\u0131karan m\u00fcstesna bir zaman dilimidir. Bug\u00fcn burada farkl\u0131 dillerden ve k\u00fclt\u00fcrlerden dostlar\u0131m\u0131zla ayn\u0131 ekme\u011fi payla\u015fmak, toplumsal dayan\u0131\u015fmam\u0131z\u0131 ve karde\u015flik ba\u011flar\u0131m\u0131z\u0131 daha da peki\u015ftiriyor.&#8221;<\/p>\n\n\n\n<figure class=\"wp-block-image size-large\"><img loading=\"lazy\" decoding=\"async\" width=\"1024\" height=\"802\" src=\"https:\/\/kemerkent.net\/wp-content\/uploads\/2026\/03\/MS_2-1024x802.jpg\" alt=\"\" class=\"wp-image-810\" srcset=\"https:\/\/kemerkent.net\/wp-content\/uploads\/2026\/03\/MS_2-1024x802.jpg 1024w, https:\/\/kemerkent.net\/wp-content\/uploads\/2026\/03\/MS_2-300x235.jpg 300w, https:\/\/kemerkent.net\/wp-content\/uploads\/2026\/03\/MS_2-768x602.jpg 768w, https:\/\/kemerkent.net\/wp-content\/uploads\/2026\/03\/MS_2.jpg 1026w\" sizes=\"auto, (max-width: 1024px) 100vw, 1024px\" \/><\/figure>\n\n\n\n<p><strong>\u0130ftar Duas\u0131 ve Anlaml\u0131 Hediyeler<\/strong><br>\u0130ftar saatinin gelmesiyle birlikte dualar e\u015fli\u011finde oru\u00e7lar a\u00e7\u0131ld\u0131. Samimi ve s\u0131cak bir atmosferde ge\u00e7en bulu\u015fmada, Kaymakam Solmaz masalar\u0131 tek tek gezerek vatanda\u015flarla yak\u0131ndan ilgilendi ve sohbet etti.<\/p>\n\n\n\n<p>Program\u0131n sonunda Kaymakam Ahmet Solmaz, ihtida ederek M\u00fcsl\u00fcman olan vatanda\u015flara g\u00fcn\u00fcn an\u0131s\u0131na \u00f6zel hediyeler takdim etti. Kat\u0131l\u0131mc\u0131lar, b\u00f6ylesine anlaml\u0131 bir sofrada a\u011f\u0131rlanmaktan duyduklar\u0131 memnuniyeti dile getirerek il\u00e7e y\u00f6netimine te\u015fekk\u00fcrlerini sundular.<\/p>\n","protected":false},"excerpt":{"rendered":"<p>Kemer Kaymakam\u0131 Ahmet Solmaz, \u0130l\u00e7e M\u00fcft\u00fcl\u00fc\u011f\u00fc taraf\u0131ndan d\u00fczenlenen \u00f6zel bir iftar program\u0131na kat\u0131ld\u0131. \u0130slamiyet\u2019i se\u00e7en&#8230;<\/p>\n","protected":false},"author":1,"featured_media":809,"comment_status":"open","ping_status":"open","sticky":false,"template":"","format":"standard","meta":{"footnotes":""},"categories":[1],"tags":[],"class_list":["post-808","post","type-post","status-publish","format-standard","has-post-thumbnail","hentry","category-uncategorized"],"_links":{"self":[{"href":"https:\/\/kemerkent.net\/index.php?rest_route=\/wp\/v2\/posts\/808","targetHints":{"allow":["GET"]}}],"collection":[{"href":"https:\/\/kemerkent.net\/index.php?rest_route=\/wp\/v2\/posts"}],"about":[{"href":"https:\/\/kemerkent.net\/index.php?rest_route=\/wp\/v2\/types\/post"}],"author":[{"embeddable":true,"href":"https:\/\/kemerkent.net\/index.php?rest_route=\/wp\/v2\/users\/1"}],"replies":[{"embeddable":true,"href":"https:\/\/kemerkent.net\/index.php?rest_route=%2Fwp%2Fv2%2Fcomments&post=808"}],"version-history":[{"count":1,"href":"https:\/\/kemerkent.net\/index.php?rest_route=\/wp\/v2\/posts\/808\/revisions"}],"predecessor-version":[{"id":811,"href":"https:\/\/kemerkent.net\/index.php?rest_route=\/wp\/v2\/posts\/808\/revisions\/811"}],"wp:featuredmedia":[{"embeddable":true,"href":"https:\/\/kemerkent.net\/index.php?rest_route=\/wp\/v2\/media\/809"}],"wp:attachment":[{"href":"https:\/\/kemerkent.net\/index.php?rest_route=%2Fwp%2Fv2%2Fmedia&parent=808"}],"wp:term":[{"taxonomy":"category","embeddable":true,"href":"https:\/\/kemerkent.net\/index.php?rest_route=%2Fwp%2Fv2%2Fcategories&post=808"},{"taxonomy":"post_tag","embeddable":true,"href":"https:\/\/kemerkent.net\/index.php?rest_route=%2Fwp%2Fv2%2Ftags&post=808"}],"curies":[{"name":"wp","href":"https:\/\/api.w.org\/{rel}","templated":true}]}}