{"id":801,"date":"2026-03-09T12:53:13","date_gmt":"2026-03-09T12:53:13","guid":{"rendered":"https:\/\/kemerkent.net\/?p=801"},"modified":"2026-03-09T12:53:13","modified_gmt":"2026-03-09T12:53:13","slug":"cumhuriyet-gazetesi-yazdi-kemer-belediyesinde-sorusturma-suruyor","status":"publish","type":"post","link":"https:\/\/kemerkent.net\/?p=801","title":{"rendered":"CUMHUR\u0130YET GAZETES\u0130 YAZDI: &#8216;KEMER BELED\u0130YES\u0130&#8217;NDE SORU\u015eTURMA S\u00dcR\u00dcYOR&#8221;"},"content":{"rendered":"\n<p><strong><em>Cumhuriyet Gazetesi&#8217;nde yer alan habere g\u00f6re<\/em><\/strong>, Kemer Belediyesi&#8217;ne y\u00f6nelik r\u00fc\u015fvet ve yolsuzluk soru\u015fturmas\u0131nda yeni bir geli\u015fme ya\u015fand\u0131. \u0130\u00e7i\u015fleri Bakanl\u0131\u011f\u0131 taraf\u0131ndan soru\u015fturma izni verilen Kemer Belediye Ba\u015fkan\u0131 Necati Topalo\u011flu ile ba\u015fkan yard\u0131mc\u0131lar\u0131<strong><em> Emin G\u00fcl <\/em><\/strong>ve <strong><em>Mehmet Derya Baytekin<\/em><\/strong> hakk\u0131nda denetim s\u00fcrerken, m\u00fcfetti\u015fler belediye meclis \u00fcyelerini ifade vermeye \u00e7a\u011f\u0131rd\u0131.<\/p>\n\n\n\n<p><strong>Antalya Cumhuriyet Ba\u015fsavc\u0131l\u0131\u011f\u0131 taraf\u0131ndan Kemer Belediyesi&#8217;ne y\u00f6nelik ba\u015flat\u0131lan r\u00fc\u015fvet ve yolsuzluk soru\u015fturmas\u0131 s\u00fcr\u00fcyor.<\/strong><\/p>\n\n\n\n<p>\u0130\u00e7i\u015fleri Bakanl\u0131\u011f\u0131 taraf\u0131ndan Kemer Belediye Ba\u015fkan\u0131 Necati Topalo\u011flu ile ba\u015fkan yard\u0131mc\u0131lar\u0131 Emin G\u00fcl ve Mehmet Baytekin hakk\u0131nda soru\u015fturma izni verilmesi \u00fczerine Kemer Adliyesi&#8217;nde ayr\u0131lan bir odada g\u00f6revli bir m\u00fcfetti\u015f, belediyede ise 2 m\u00fcfetti\u015f imar dosyalar\u0131nda denetim yapmas\u0131n\u0131n ard\u0131ndan \u015fimdi de belediye meclis \u00fcyeleri ifadeye \u00e7a\u011fr\u0131l\u0131yor.<\/p>\n\n\n\n<figure class=\"wp-block-image size-full\"><a href=\"https:\/\/www.cumhuriyet.com.tr\/turkiye\/antalya-kemer-belediyesi-ne-sorusturma-mufettisler-meclis-uyelerini-ifadeye-cagirdi-2484784\"><img loading=\"lazy\" decoding=\"async\" width=\"800\" height=\"504\" src=\"https:\/\/kemerkent.net\/wp-content\/uploads\/2026\/03\/MUF1.jpg\" alt=\"\" class=\"wp-image-803\" srcset=\"https:\/\/kemerkent.net\/wp-content\/uploads\/2026\/03\/MUF1.jpg 800w, https:\/\/kemerkent.net\/wp-content\/uploads\/2026\/03\/MUF1-300x189.jpg 300w, https:\/\/kemerkent.net\/wp-content\/uploads\/2026\/03\/MUF1-768x484.jpg 768w\" sizes=\"auto, (max-width: 800px) 100vw, 800px\" \/><\/a><\/figure>\n\n\n\n<p><strong><em>Haberimizvar.net&#8217;in haberine g\u00f6re<\/em><\/strong>; il\u00e7ede \u00e7ok say\u0131da imarla ilgili \u015fikayetlerin oldu\u011fu bu nedenle m\u00fcfetti\u015flerin iddialar\u0131 ara\u015ft\u0131rd\u0131\u011f\u0131 \u00f6\u011frenildi.<\/p>\n\n\n\n<p>Ba\u015fkan <strong>Necati Topalo\u011flu&#8217;nun<\/strong> su sporlar\u0131 i\u015fletmecisi o\u011flu <strong>Osman Topalo\u011flu&#8217;nun<\/strong> da girdi\u011fi ihalelerin de mercek alt\u0131na al\u0131nd\u0131\u011f\u0131 gelen bilgiler aras\u0131nda yer ald\u0131.<\/p>\n\n\n\n<p>M\u00fcfetti\u015fler, Topalo\u011flu ailesi ve ba\u015fkan yard\u0131mc\u0131lar\u0131n\u0131n mal varl\u0131\u011f\u0131ndaki art\u0131\u015flar\u0131 da inceliyor.<\/p>\n\n\n\n<p><\/p>\n","protected":false},"excerpt":{"rendered":"<p>Cumhuriyet Gazetesi&#8217;nde yer alan habere g\u00f6re, Kemer Belediyesi&#8217;ne y\u00f6nelik r\u00fc\u015fvet ve yolsuzluk soru\u015fturmas\u0131nda yeni bir&#8230;<\/p>\n","protected":false},"author":1,"featured_media":802,"comment_status":"open","ping_status":"open","sticky":false,"template":"","format":"standard","meta":{"footnotes":""},"categories":[1],"tags":[],"class_list":["post-801","post","type-post","status-publish","format-standard","has-post-thumbnail","hentry","category-uncategorized"],"_links":{"self":[{"href":"https:\/\/kemerkent.net\/index.php?rest_route=\/wp\/v2\/posts\/801","targetHints":{"allow":["GET"]}}],"collection":[{"href":"https:\/\/kemerkent.net\/index.php?rest_route=\/wp\/v2\/posts"}],"about":[{"href":"https:\/\/kemerkent.net\/index.php?rest_route=\/wp\/v2\/types\/post"}],"author":[{"embeddable":true,"href":"https:\/\/kemerkent.net\/index.php?rest_route=\/wp\/v2\/users\/1"}],"replies":[{"embeddable":true,"href":"https:\/\/kemerkent.net\/index.php?rest_route=%2Fwp%2Fv2%2Fcomments&post=801"}],"version-history":[{"count":1,"href":"https:\/\/kemerkent.net\/index.php?rest_route=\/wp\/v2\/posts\/801\/revisions"}],"predecessor-version":[{"id":804,"href":"https:\/\/kemerkent.net\/index.php?rest_route=\/wp\/v2\/posts\/801\/revisions\/804"}],"wp:featuredmedia":[{"embeddable":true,"href":"https:\/\/kemerkent.net\/index.php?rest_route=\/wp\/v2\/media\/802"}],"wp:attachment":[{"href":"https:\/\/kemerkent.net\/index.php?rest_route=%2Fwp%2Fv2%2Fmedia&parent=801"}],"wp:term":[{"taxonomy":"category","embeddable":true,"href":"https:\/\/kemerkent.net\/index.php?rest_route=%2Fwp%2Fv2%2Fcategories&post=801"},{"taxonomy":"post_tag","embeddable":true,"href":"https:\/\/kemerkent.net\/index.php?rest_route=%2Fwp%2Fv2%2Ftags&post=801"}],"curies":[{"name":"wp","href":"https:\/\/api.w.org\/{rel}","templated":true}]}}