{"id":798,"date":"2026-03-09T12:33:35","date_gmt":"2026-03-09T12:33:35","guid":{"rendered":"https:\/\/kemerkent.net\/?p=798"},"modified":"2026-03-09T12:33:35","modified_gmt":"2026-03-09T12:33:35","slug":"buyuksehirden-kemerde-peyzaj-duzenlenesi","status":"publish","type":"post","link":"https:\/\/kemerkent.net\/?p=798","title":{"rendered":"B\u00dcY\u00dcK\u015eEH\u0130R\u2019DEN KEMER\u2019DE PEYZAJ D\u00dcZENLENES\u0130"},"content":{"rendered":"\n<p><strong>Antalya B\u00fcy\u00fck\u015fehir Belediyesi ekipleri Kemer il\u00e7e genelinde bahar ay\u0131n\u0131n gelmesiyle birlikte peyzaj d\u00fczenlemesi ve temizlik \u00e7al\u0131\u015fmas\u0131 ba\u015flatt\u0131.<\/strong><\/p>\n\n\n\n<p>B\u00fcy\u00fck\u015fehir Belediyesi Park ve Bah\u00e7eler Dairesi Ba\u015fkanl\u0131\u011f\u0131 ekipleri, yo\u011fun ya\u011f\u0131\u015flardan sonra il\u00e7e genelinde peyzaj d\u00fczenlemesi ve temizlik \u00e7al\u0131\u015fmas\u0131 yapt\u0131. \u00c7al\u0131\u015fmalar kapsam\u0131nda ana arterler, parklar, y\u00fcr\u00fcy\u00fc\u015f yollar\u0131 ve ye\u015fil alanlarda genel budama yap\u0131l\u0131rken, k\u0131r\u0131lan ve devrilme riski ta\u015f\u0131yan dallar g\u00fcvenlik \u00f6nceli\u011fiyle temizlendi. Ayr\u0131ca bitkisel at\u0131klar ve \u00e7evre kirlili\u011fine neden olan unsurlar toplanarak kapsaml\u0131 bir temizlik ger\u00e7ekle\u015ftirildi.<\/p>\n\n\n\n<p><strong>BUDAMA VE BAKIM \u00c7ALI\u015eMASI<\/strong><br>Kent genelinde ye\u015fil alanlar\u0131n sa\u011fl\u0131kl\u0131 geli\u015fimini sa\u011flamak ve a\u011fa\u00e7lar\u0131n<br>uzun \u00f6m\u00fcrl\u00fc olmas\u0131n\u0131 desteklemek amac\u0131yla \u00e7al\u0131\u015fmalar\u0131n\u0131 s\u00fcrd\u00fcren Antalya<br>B\u00fcy\u00fck\u015fehir Belediyesi Park ve Bah\u00e7eler ekipleri, Liman Caddesi\u2019nde<br>kapsaml\u0131 bir budama ve temizlik \u00e7al\u0131\u015fmas\u0131 yapt\u0131. Liman Caddesi\u2019nde bulunan \u00e7\u0131nar a\u011fa\u00e7lar\u0131nda budama, \u00e7evredeki meyve a\u011fa\u00e7lar\u0131nda bak\u0131m \u00e7al\u0131\u015fmas\u0131 ger\u00e7ekle\u015ftirdi.<\/p>\n\n\n\n<p><strong>OKULLARA F\u0130DAN DESTE\u011e\u0130<\/strong><br>\u00d6te yandan B\u00fcy\u00fck\u015fehir Belediyesi ekipleri, il\u00e7e genelinde e\u011fitim kurumlar\u0131n\u0131n fiziki ko\u015fullar\u0131n\u0131 iyile\u015ftirme \u00e7al\u0131\u015fmalar\u0131 ger\u00e7ekle\u015ftiriyor. Bu kapsamda, Kemer Turizm Mesleki ve Teknik Anadolu Lisesi Uygulama Oteli\u2019nin peyzaj d\u00fczenlemesi yap\u0131ld\u0131. Ekipler, okul \u00e7evresinin daha estetik ve d\u00fczenli bir g\u00f6r\u00fcn\u00fcme kavu\u015fmas\u0131 amac\u0131yla \u00e7it bitki s\u00fcslemesi ger\u00e7ekle\u015ftirdi. Ekipler, ayr\u0131ca okula fidan deste\u011fi de sa\u011flad\u0131.<\/p>\n","protected":false},"excerpt":{"rendered":"<p>Antalya B\u00fcy\u00fck\u015fehir Belediyesi ekipleri Kemer il\u00e7e genelinde bahar ay\u0131n\u0131n gelmesiyle birlikte peyzaj d\u00fczenlemesi ve temizlik&#8230;<\/p>\n","protected":false},"author":1,"featured_media":799,"comment_status":"open","ping_status":"open","sticky":false,"template":"","format":"standard","meta":{"footnotes":""},"categories":[1],"tags":[],"class_list":["post-798","post","type-post","status-publish","format-standard","has-post-thumbnail","hentry","category-uncategorized"],"_links":{"self":[{"href":"https:\/\/kemerkent.net\/index.php?rest_route=\/wp\/v2\/posts\/798","targetHints":{"allow":["GET"]}}],"collection":[{"href":"https:\/\/kemerkent.net\/index.php?rest_route=\/wp\/v2\/posts"}],"about":[{"href":"https:\/\/kemerkent.net\/index.php?rest_route=\/wp\/v2\/types\/post"}],"author":[{"embeddable":true,"href":"https:\/\/kemerkent.net\/index.php?rest_route=\/wp\/v2\/users\/1"}],"replies":[{"embeddable":true,"href":"https:\/\/kemerkent.net\/index.php?rest_route=%2Fwp%2Fv2%2Fcomments&post=798"}],"version-history":[{"count":1,"href":"https:\/\/kemerkent.net\/index.php?rest_route=\/wp\/v2\/posts\/798\/revisions"}],"predecessor-version":[{"id":800,"href":"https:\/\/kemerkent.net\/index.php?rest_route=\/wp\/v2\/posts\/798\/revisions\/800"}],"wp:featuredmedia":[{"embeddable":true,"href":"https:\/\/kemerkent.net\/index.php?rest_route=\/wp\/v2\/media\/799"}],"wp:attachment":[{"href":"https:\/\/kemerkent.net\/index.php?rest_route=%2Fwp%2Fv2%2Fmedia&parent=798"}],"wp:term":[{"taxonomy":"category","embeddable":true,"href":"https:\/\/kemerkent.net\/index.php?rest_route=%2Fwp%2Fv2%2Fcategories&post=798"},{"taxonomy":"post_tag","embeddable":true,"href":"https:\/\/kemerkent.net\/index.php?rest_route=%2Fwp%2Fv2%2Ftags&post=798"}],"curies":[{"name":"wp","href":"https:\/\/api.w.org\/{rel}","templated":true}]}}