{"id":787,"date":"2026-03-07T07:49:27","date_gmt":"2026-03-07T07:49:27","guid":{"rendered":"https:\/\/kemerkent.net\/?p=787"},"modified":"2026-03-07T07:49:27","modified_gmt":"2026-03-07T07:49:27","slug":"kemerde-korkutan-gece-elektrik-dukkani-alevlere-teslim-oldu","status":"publish","type":"post","link":"https:\/\/kemerkent.net\/?p=787","title":{"rendered":"KEMER\u2019DE KORKUTAN GECE: ELEKTR\u0130K D\u00dcKKANI ALEVLERE TESL\u0130M OLDU"},"content":{"rendered":"\n<p>Yeni Mahalle\u2019de bir i\u015f yerinde \u00e7\u0131kan yang\u0131n pani\u011fe neden oldu. \u00dcst katlarda konutlar\u0131n bulundu\u011fu binada \u00e7\u0131kan alevler, itfaiye ekiplerinin yo\u011fun m\u00fcdahalesiyle facia b\u00fcy\u00fcmeden kontrol alt\u0131na al\u0131nd\u0131.<\/p>\n\n\n\n<p>Yeni Mahalle, Dr. Dervi\u015f Ero\u011flu Caddesi \u00fczerinde faaliyet g\u00f6steren bir elektrik malzemeleri sat\u0131\u015f noktas\u0131nda, d\u00fcn gece saat 23.00 s\u0131ralar\u0131nda yang\u0131n \u00e7\u0131kt\u0131. \u0130\u015f yerinden y\u00fckselen dumanlar\u0131 ve alevleri fark eden mahalle sakinleri, soka\u011fa d\u00f6k\u00fclerek durumu 112 Acil \u00c7a\u011fr\u0131 Merkezi&#8217;ne bildirdi.<\/p>\n\n\n\n<figure class=\"wp-block-image size-large\"><img loading=\"lazy\" decoding=\"async\" width=\"1024\" height=\"747\" src=\"https:\/\/kemerkent.net\/wp-content\/uploads\/2026\/03\/elek_2-1024x747.jpg\" alt=\"\" class=\"wp-image-789\" srcset=\"https:\/\/kemerkent.net\/wp-content\/uploads\/2026\/03\/elek_2-1024x747.jpg 1024w, https:\/\/kemerkent.net\/wp-content\/uploads\/2026\/03\/elek_2-300x219.jpg 300w, https:\/\/kemerkent.net\/wp-content\/uploads\/2026\/03\/elek_2-768x560.jpg 768w, https:\/\/kemerkent.net\/wp-content\/uploads\/2026\/03\/elek_2.jpg 1220w\" sizes=\"auto, (max-width: 1024px) 100vw, 1024px\" \/><\/figure>\n\n\n\n<p><strong>Ekipler Seferber Oldu<\/strong><br>\u0130hbar \u00fczerine olay yerine \u00e7ok say\u0131da itfaiye, polis ve sa\u011fl\u0131k ekibi sevk edildi. Yang\u0131n\u0131n \u00e7\u0131kt\u0131\u011f\u0131 d\u00fckkan\u0131n \u00fczerinde meskenlerin bulunmas\u0131 ve caddenin i\u015f yerleriyle \u00e7evrili olmas\u0131, b\u00fcy\u00fck bir risk olu\u015fturdu. \u0130tfaiye ekipleri, alevlerin \u00fcst katlara ve kom\u015fu d\u00fckkanlara s\u0131\u00e7ramamas\u0131 i\u00e7in adeta zamanla yar\u0131\u015ft\u0131. \u00c7evredeki vatanda\u015flar da ekiplere yard\u0131m etmek i\u00e7in seferber oldu.<\/p>\n\n\n\n<p><strong>Gece Yar\u0131s\u0131 Kontrol Alt\u0131na Al\u0131nd\u0131<\/strong><br>Yo\u011fun m\u00fcdahale sonucunda alevler gece yar\u0131s\u0131na do\u011fru kontrol alt\u0131na al\u0131narak s\u00f6nd\u00fcr\u00fcld\u00fc. Yang\u0131n sonras\u0131 i\u015f yerinde b\u00fcy\u00fck \u00e7apta maddi hasar meydana gelirken, herhangi bir can kayb\u0131 veya yaralanma ya\u015fanmamas\u0131 teselli kayna\u011f\u0131 oldu.<\/p>\n\n\n\n<figure class=\"wp-block-image size-large\"><img loading=\"lazy\" decoding=\"async\" width=\"1024\" height=\"732\" src=\"https:\/\/kemerkent.net\/wp-content\/uploads\/2026\/03\/elek_1-1024x732.jpg\" alt=\"\" class=\"wp-image-788\" srcset=\"https:\/\/kemerkent.net\/wp-content\/uploads\/2026\/03\/elek_1-1024x732.jpg 1024w, https:\/\/kemerkent.net\/wp-content\/uploads\/2026\/03\/elek_1-300x214.jpg 300w, https:\/\/kemerkent.net\/wp-content\/uploads\/2026\/03\/elek_1-768x549.jpg 768w, https:\/\/kemerkent.net\/wp-content\/uploads\/2026\/03\/elek_1.jpg 1220w\" sizes=\"auto, (max-width: 1024px) 100vw, 1024px\" \/><\/figure>\n\n\n\n<p><strong>\u015e\u00fcpheler Trafo \u00dczerinde Yo\u011funla\u015f\u0131yor<\/strong><br>Yang\u0131n\u0131n \u00e7\u0131k\u0131\u015f nedenine ili\u015fkin yap\u0131lan ilk incelemelerde, i\u015f yeri i\u00e7erisinde bulunan bir trafonun k\u0131sa devre yapmas\u0131 sonucu alevlerin parlam\u0131\u015f olabilece\u011fi ihtimali \u00fczerinde duruluyor. So\u011futma \u00e7al\u0131\u015fmalar\u0131n\u0131n tamamlanmas\u0131n\u0131n ard\u0131ndan ekipler, kesin yang\u0131n sebebini belirlemek \u00fczere geni\u015f \u00e7apl\u0131 inceleme ve soru\u015fturma ba\u015flatt\u0131.<\/p>\n","protected":false},"excerpt":{"rendered":"<p>Yeni Mahalle\u2019de bir i\u015f yerinde \u00e7\u0131kan yang\u0131n pani\u011fe neden oldu. \u00dcst katlarda konutlar\u0131n bulundu\u011fu binada&#8230;<\/p>\n","protected":false},"author":1,"featured_media":790,"comment_status":"open","ping_status":"open","sticky":false,"template":"","format":"standard","meta":{"footnotes":""},"categories":[1],"tags":[],"class_list":["post-787","post","type-post","status-publish","format-standard","has-post-thumbnail","hentry","category-uncategorized"],"_links":{"self":[{"href":"https:\/\/kemerkent.net\/index.php?rest_route=\/wp\/v2\/posts\/787","targetHints":{"allow":["GET"]}}],"collection":[{"href":"https:\/\/kemerkent.net\/index.php?rest_route=\/wp\/v2\/posts"}],"about":[{"href":"https:\/\/kemerkent.net\/index.php?rest_route=\/wp\/v2\/types\/post"}],"author":[{"embeddable":true,"href":"https:\/\/kemerkent.net\/index.php?rest_route=\/wp\/v2\/users\/1"}],"replies":[{"embeddable":true,"href":"https:\/\/kemerkent.net\/index.php?rest_route=%2Fwp%2Fv2%2Fcomments&post=787"}],"version-history":[{"count":1,"href":"https:\/\/kemerkent.net\/index.php?rest_route=\/wp\/v2\/posts\/787\/revisions"}],"predecessor-version":[{"id":791,"href":"https:\/\/kemerkent.net\/index.php?rest_route=\/wp\/v2\/posts\/787\/revisions\/791"}],"wp:featuredmedia":[{"embeddable":true,"href":"https:\/\/kemerkent.net\/index.php?rest_route=\/wp\/v2\/media\/790"}],"wp:attachment":[{"href":"https:\/\/kemerkent.net\/index.php?rest_route=%2Fwp%2Fv2%2Fmedia&parent=787"}],"wp:term":[{"taxonomy":"category","embeddable":true,"href":"https:\/\/kemerkent.net\/index.php?rest_route=%2Fwp%2Fv2%2Fcategories&post=787"},{"taxonomy":"post_tag","embeddable":true,"href":"https:\/\/kemerkent.net\/index.php?rest_route=%2Fwp%2Fv2%2Ftags&post=787"}],"curies":[{"name":"wp","href":"https:\/\/api.w.org\/{rel}","templated":true}]}}