{"id":780,"date":"2026-03-06T09:47:50","date_gmt":"2026-03-06T09:47:50","guid":{"rendered":"https:\/\/kemerkent.net\/?p=780"},"modified":"2026-03-06T09:50:44","modified_gmt":"2026-03-06T09:50:44","slug":"tarih-ve-doganin-bulustugu-nokta-buyuleyici-phaselis","status":"publish","type":"post","link":"https:\/\/kemerkent.net\/?p=780","title":{"rendered":"TAR\u0130H VE DO\u011eANIN BULU\u015eTU\u011eU NOKTA: B\u00dcY\u00dcLEY\u0130C\u0130 PHASEL\u0130S!"},"content":{"rendered":"\n<p>Antalya\u2019n\u0131n g\u00f6z bebe\u011fi Kemer\u2019de yer alan Phaselis Antik Kenti; binlerce y\u0131ll\u0131k limanlar\u0131, B\u00fcy\u00fck \u0130skender\u2019i a\u011f\u0131rlayan caddeleri ve e\u015fsiz koyuyla yerli ve yabanc\u0131 turistlerin cazibe merkezi olmay\u0131 s\u00fcrd\u00fcr\u00fcyor. B\u00f6lgede yo\u011funla\u015fan kaz\u0131 \u00e7al\u0131\u015fmalar\u0131yla tarihin yeni sayfalar\u0131 aralan\u0131yor.<\/p>\n\n\n\n<p>Antalya merkeze yakla\u015f\u0131k 60 kilometre uzakl\u0131kta, Kemer ile Tekirova aras\u0131nda bir m\u00fccevher gibi parlayan Phaselis, ziyaret\u00e7ilerini adeta bir zaman yolculu\u011funa \u00e7\u0131kar\u0131yor. Likya ve Pamfilya b\u00f6lgelerinin s\u0131n\u0131r\u0131nda, \u00fc\u00e7 limanl\u0131 bir kent olarak kurulan bu kadim yerle\u015fim, hem tarihi kal\u0131nt\u0131lar\u0131 hem de do\u011fal g\u00fczellikleriyle b\u00fcy\u00fclemeye devam ediyor.<\/p>\n\n\n\n<figure class=\"wp-block-image size-full\"><img loading=\"lazy\" decoding=\"async\" width=\"900\" height=\"506\" src=\"https:\/\/kemerkent.net\/wp-content\/uploads\/2026\/03\/phas_3.jpg\" alt=\"\" class=\"wp-image-782\" srcset=\"https:\/\/kemerkent.net\/wp-content\/uploads\/2026\/03\/phas_3.jpg 900w, https:\/\/kemerkent.net\/wp-content\/uploads\/2026\/03\/phas_3-300x169.jpg 300w, https:\/\/kemerkent.net\/wp-content\/uploads\/2026\/03\/phas_3-768x432.jpg 768w\" sizes=\"auto, (max-width: 900px) 100vw, 900px\" \/><\/figure>\n\n\n\n<p><strong>B\u00fcy\u00fck \u0130skender\u2019in Hayran Kald\u0131\u011f\u0131 Kent<\/strong><br>M.\u00d6. 334 y\u0131l\u0131nda B\u00fcy\u00fck \u0130skender\u2019in fethetti\u011fi ve hayran kalarak bir k\u0131\u015f mevsimini ge\u00e7irdi\u011fi Phaselis, Perslerden Romal\u0131lara kadar pek \u00e7ok medeniyetin izini ta\u015f\u0131yor. M.S. 129 y\u0131l\u0131nda \u0130mparator Hadrian taraf\u0131ndan da ziyaret edilen kent, Roma \u0130mparatorlu\u011fu d\u00f6neminde en parlak g\u00fcnlerini ya\u015fam\u0131\u015f. O d\u00f6nemlerde sadece ticaretiyle de\u011fil; \u00fcretilen kereste, g\u00fclya\u011f\u0131 ve d\u00fcnyaca \u00fcnl\u00fc parf\u00fcmleriyle de Akdeniz\u2019in en \u00f6nemli ekonomi merkezlerinden biri olmay\u0131 ba\u015farm\u0131\u015f.<\/p>\n\n\n\n<figure class=\"wp-block-image size-full\"><img loading=\"lazy\" decoding=\"async\" width=\"900\" height=\"681\" src=\"https:\/\/kemerkent.net\/wp-content\/uploads\/2026\/03\/phas_5.jpg\" alt=\"\" class=\"wp-image-781\" srcset=\"https:\/\/kemerkent.net\/wp-content\/uploads\/2026\/03\/phas_5.jpg 900w, https:\/\/kemerkent.net\/wp-content\/uploads\/2026\/03\/phas_5-300x227.jpg 300w, https:\/\/kemerkent.net\/wp-content\/uploads\/2026\/03\/phas_5-768x581.jpg 768w\" sizes=\"auto, (max-width: 900px) 100vw, 900px\" \/><\/figure>\n\n\n\n<p><strong>Kaz\u0131 \u00c7al\u0131\u015fmalar\u0131yla Tarih G\u00fcn Y\u00fcz\u00fcne \u00c7\u0131k\u0131yor<\/strong><br>Phaselis\u2019te tarihi kal\u0131nt\u0131lar sadece m\u00fcze raflar\u0131nda de\u011fil, kentin her k\u00f6\u015fesinde canl\u0131l\u0131\u011f\u0131n\u0131 koruyor. \u015eehrin ortas\u0131ndaki geni\u015f antik cadde ve limanlar hala dimdik ayakta dururken, son d\u00f6nemde b\u00f6lgede y\u00fcr\u00fct\u00fclen kaz\u0131 \u00e7al\u0131\u015fmalar\u0131n\u0131n yo\u011funla\u015fmas\u0131 heyecan yarat\u0131yor. Arkeologlar\u0131n titizlikle y\u00fcr\u00fctt\u00fc\u011f\u00fc \u00e7al\u0131\u015fmalarla, kentin bilinmeyen yap\u0131lar\u0131 ve g\u00fcnl\u00fck ya\u015fam\u0131na dair yeni bulgular g\u00fcn y\u00fcz\u00fcne \u00e7\u0131kar\u0131l\u0131yor.<\/p>\n\n\n\n<p><strong>Denizden ve Karadan B\u00fcy\u00fck \u0130lgi<\/strong><br>G\u00fcn\u00fcm\u00fczde \u00e7ok y\u00f6nl\u00fc bir turizm deneyimi sunan Phaselis; b\u00f6lgede yat turu yapan teknelerin ve mavi yolculu\u011fa \u00e7\u0131kanlar\u0131n en \u00f6nemli u\u011frak noktas\u0131 haline gelmi\u015f olup, b\u00fcy\u00fcleyici atmosferiyle \u00f6zellikle haftal\u0131k turlar\u0131n vazge\u00e7ilmez bir konaklama merkezi olarak \u00f6ne \u00e7\u0131kmaktad\u0131r.<\/p>\n\n\n\n<p>Antik kent, Kemer halk\u0131 i\u00e7in sahil ve ormanl\u0131k alan\u0131yla piknik yap\u0131p denizin tad\u0131n\u0131 \u00e7\u0131karabilecekleri e\u015fsiz bir sosyal alan sa\u011flarken; b\u00f6lgeye gelen yerli ve yabanc\u0131 turistlerin de hem zengin k\u00fclt\u00fcrel miras\u0131 ke\u015ffetmek hem de kristal berrakl\u0131\u011f\u0131ndaki sularda y\u00fczmek amac\u0131yla rotalar\u0131n\u0131 \u00e7evirdikleri ilk durak olma \u00f6zelli\u011fini s\u00fcrd\u00fcrmektedir.<\/p>\n\n\n\n<figure class=\"wp-block-image size-full\"><img loading=\"lazy\" decoding=\"async\" width=\"900\" height=\"506\" src=\"https:\/\/kemerkent.net\/wp-content\/uploads\/2026\/03\/phas_2.jpg\" alt=\"\" class=\"wp-image-783\" srcset=\"https:\/\/kemerkent.net\/wp-content\/uploads\/2026\/03\/phas_2.jpg 900w, https:\/\/kemerkent.net\/wp-content\/uploads\/2026\/03\/phas_2-300x169.jpg 300w, https:\/\/kemerkent.net\/wp-content\/uploads\/2026\/03\/phas_2-768x432.jpg 768w\" sizes=\"auto, (max-width: 900px) 100vw, 900px\" \/><\/figure>\n\n\n\n<p>Hem bir a\u00e7\u0131k hava m\u00fczesi hem de bir do\u011fa harikas\u0131 olan Phaselis, ge\u00e7mi\u015fin ihti\u015fam\u0131n\u0131 modern turizmin dinamikleriyle birle\u015ftirerek ziyaret\u00e7ilerini etkilemeye devam ediyor. ( <strong><em>Halil \u00d6NC\u00dc<\/em><\/strong> )<\/p>\n","protected":false},"excerpt":{"rendered":"<p>Antalya\u2019n\u0131n g\u00f6z bebe\u011fi Kemer\u2019de yer alan Phaselis Antik Kenti; binlerce y\u0131ll\u0131k limanlar\u0131, B\u00fcy\u00fck \u0130skender\u2019i a\u011f\u0131rlayan&#8230;<\/p>\n","protected":false},"author":1,"featured_media":784,"comment_status":"open","ping_status":"open","sticky":false,"template":"","format":"standard","meta":{"footnotes":""},"categories":[1],"tags":[],"class_list":["post-780","post","type-post","status-publish","format-standard","has-post-thumbnail","hentry","category-uncategorized"],"_links":{"self":[{"href":"https:\/\/kemerkent.net\/index.php?rest_route=\/wp\/v2\/posts\/780","targetHints":{"allow":["GET"]}}],"collection":[{"href":"https:\/\/kemerkent.net\/index.php?rest_route=\/wp\/v2\/posts"}],"about":[{"href":"https:\/\/kemerkent.net\/index.php?rest_route=\/wp\/v2\/types\/post"}],"author":[{"embeddable":true,"href":"https:\/\/kemerkent.net\/index.php?rest_route=\/wp\/v2\/users\/1"}],"replies":[{"embeddable":true,"href":"https:\/\/kemerkent.net\/index.php?rest_route=%2Fwp%2Fv2%2Fcomments&post=780"}],"version-history":[{"count":2,"href":"https:\/\/kemerkent.net\/index.php?rest_route=\/wp\/v2\/posts\/780\/revisions"}],"predecessor-version":[{"id":786,"href":"https:\/\/kemerkent.net\/index.php?rest_route=\/wp\/v2\/posts\/780\/revisions\/786"}],"wp:featuredmedia":[{"embeddable":true,"href":"https:\/\/kemerkent.net\/index.php?rest_route=\/wp\/v2\/media\/784"}],"wp:attachment":[{"href":"https:\/\/kemerkent.net\/index.php?rest_route=%2Fwp%2Fv2%2Fmedia&parent=780"}],"wp:term":[{"taxonomy":"category","embeddable":true,"href":"https:\/\/kemerkent.net\/index.php?rest_route=%2Fwp%2Fv2%2Fcategories&post=780"},{"taxonomy":"post_tag","embeddable":true,"href":"https:\/\/kemerkent.net\/index.php?rest_route=%2Fwp%2Fv2%2Ftags&post=780"}],"curies":[{"name":"wp","href":"https:\/\/api.w.org\/{rel}","templated":true}]}}