{"id":777,"date":"2026-03-06T09:03:57","date_gmt":"2026-03-06T09:03:57","guid":{"rendered":"https:\/\/kemerkent.net\/?p=777"},"modified":"2026-03-06T09:03:57","modified_gmt":"2026-03-06T09:03:57","slug":"arslanbucak-pazaryeri-alarm-veriyor-kaderine-mi-terk-edildi","status":"publish","type":"post","link":"https:\/\/kemerkent.net\/?p=777","title":{"rendered":"ARSLANBUCAK PAZARYER\u0130 ALARM VER\u0130YOR: KADER\u0130NE M\u0130 TERK ED\u0130LD\u0130?"},"content":{"rendered":"\n<p><strong>Kemer Belediyesi taraf\u0131ndan hayata ge\u00e7irilen Arslanbucak Pazaryeri, bak\u0131ms\u0131zl\u0131k ve fiziki tahribat nedeniyle b\u00f6lge halk\u0131n\u0131n tepkisini \u00e7ekiyor. Harfleri d\u00f6k\u00fclen ve \u00e7at\u0131s\u0131 eskiyen pazar alan\u0131, hem estetik hem de g\u00fcvenlik a\u00e7\u0131s\u0131ndan ciddi riskler ta\u015f\u0131yor.<\/strong><\/p>\n\n\n\n<p>Kemer\u2019in ticari hayat\u0131nda \u00f6nemli bir yer tutan Arslanbucak Pazaryeri, son d\u00f6nemdeki &#8220;i\u00e7ler ac\u0131s\u0131&#8221; g\u00f6r\u00fcnt\u00fcs\u00fcyle g\u00fcndeme geldi. Modern bir tesis olmas\u0131 beklentisiyle a\u00e7\u0131lan pazar yeri, aradan ge\u00e7en k\u0131sa s\u00fcreye ra\u011fmen d\u00f6k\u00fclmeye ba\u015flayan d\u0131\u015f cephesi ve bak\u0131ms\u0131z haliyle dikkat \u00e7ekiyor.<\/p>\n\n\n\n<p><strong>G\u00fcvenlik Riski Kap\u0131da: &#8220;Harfler Tek Tek D\u00f6k\u00fcl\u00fcyor&#8221;<\/strong><br>Pazaryerinin giri\u015finde yer alan tabeladaki harflerin yerinden \u00e7\u0131kmas\u0131 ve fiziksel yap\u0131s\u0131ndaki bozulmalar, sadece k\u00f6t\u00fc bir g\u00f6r\u00fcnt\u00fc olu\u015fturmakla kalm\u0131yor; ayn\u0131 zamanda pazar esnaf\u0131 ve al\u0131\u015fveri\u015fe gelen vatanda\u015flar i\u00e7in de hayati tehlike arz ediyor. Vatanda\u015flar, yerinden oynayan par\u00e7alar\u0131n her an birinin \u00fczerine d\u00fc\u015febilece\u011finden endi\u015fe ediyor.<\/p>\n\n\n\n<p><strong>Vatanda\u015f \u015ea\u015fk\u0131n: &#8220;Bu Kadar K\u0131sa S\u00fcrede Nas\u0131l Bu Hale Geldi?&#8221;<\/strong><br>Pazaryerinin bu denli k\u0131sa s\u00fcrede metruk bir g\u00f6r\u00fcn\u00fcme b\u00fcr\u00fcnmesini anlayamad\u0131klar\u0131n\u0131 belirten Kemerli vatanda\u015flar, belediyeye \u00e7a\u011fr\u0131da bulundu. B\u00f6lge sakinleri \u015fikayetlerini \u015fu s\u00f6zlerle dile getirdi:<\/p>\n\n\n\n<p>&#8220;Kemer\u2019e yak\u0131\u015fmayan bir manzara ile kar\u015f\u0131 kar\u015f\u0131yay\u0131z. Daha yeni say\u0131lacak bir tesisin bu kadar k\u0131sa s\u00fcrede bak\u0131ms\u0131z kalmas\u0131 kabul edilemez. Harfler d\u00f6k\u00fcl\u00fcyor, tavanlar ak\u0131yor. Buraya acilen bir bak\u0131m yap\u0131lmas\u0131 ve eski prestijine kavu\u015fturulmas\u0131 gerekiyor.&#8221;<\/p>\n\n\n\n<p><strong>Acil Bak\u0131m ve \u0130lgi Bekleniyor<\/strong><br>Kemer halk\u0131 ve pazar esnaf\u0131, belediye yetkililerinin bu duruma m\u00fcdahale etmesini bekliyor. Hem turizm kenti Kemer\u2019in imaj\u0131 hem de halk sa\u011fl\u0131\u011f\u0131 a\u00e7\u0131s\u0131ndan Arslanbucak Pazaryeri&#8217;nin kapsaml\u0131 bir tadilattan ge\u00e7irilmesi gerekti\u011fi vurgulan\u0131yor.<\/p>\n","protected":false},"excerpt":{"rendered":"<p>Kemer Belediyesi taraf\u0131ndan hayata ge\u00e7irilen Arslanbucak Pazaryeri, bak\u0131ms\u0131zl\u0131k ve fiziki tahribat nedeniyle b\u00f6lge halk\u0131n\u0131n tepkisini&#8230;<\/p>\n","protected":false},"author":1,"featured_media":778,"comment_status":"open","ping_status":"open","sticky":false,"template":"","format":"standard","meta":{"footnotes":""},"categories":[1],"tags":[],"class_list":["post-777","post","type-post","status-publish","format-standard","has-post-thumbnail","hentry","category-uncategorized"],"_links":{"self":[{"href":"https:\/\/kemerkent.net\/index.php?rest_route=\/wp\/v2\/posts\/777","targetHints":{"allow":["GET"]}}],"collection":[{"href":"https:\/\/kemerkent.net\/index.php?rest_route=\/wp\/v2\/posts"}],"about":[{"href":"https:\/\/kemerkent.net\/index.php?rest_route=\/wp\/v2\/types\/post"}],"author":[{"embeddable":true,"href":"https:\/\/kemerkent.net\/index.php?rest_route=\/wp\/v2\/users\/1"}],"replies":[{"embeddable":true,"href":"https:\/\/kemerkent.net\/index.php?rest_route=%2Fwp%2Fv2%2Fcomments&post=777"}],"version-history":[{"count":1,"href":"https:\/\/kemerkent.net\/index.php?rest_route=\/wp\/v2\/posts\/777\/revisions"}],"predecessor-version":[{"id":779,"href":"https:\/\/kemerkent.net\/index.php?rest_route=\/wp\/v2\/posts\/777\/revisions\/779"}],"wp:featuredmedia":[{"embeddable":true,"href":"https:\/\/kemerkent.net\/index.php?rest_route=\/wp\/v2\/media\/778"}],"wp:attachment":[{"href":"https:\/\/kemerkent.net\/index.php?rest_route=%2Fwp%2Fv2%2Fmedia&parent=777"}],"wp:term":[{"taxonomy":"category","embeddable":true,"href":"https:\/\/kemerkent.net\/index.php?rest_route=%2Fwp%2Fv2%2Fcategories&post=777"},{"taxonomy":"post_tag","embeddable":true,"href":"https:\/\/kemerkent.net\/index.php?rest_route=%2Fwp%2Fv2%2Ftags&post=777"}],"curies":[{"name":"wp","href":"https:\/\/api.w.org\/{rel}","templated":true}]}}