{"id":771,"date":"2026-03-06T08:50:20","date_gmt":"2026-03-06T08:50:20","guid":{"rendered":"https:\/\/kemerkent.net\/?p=771"},"modified":"2026-03-06T08:50:20","modified_gmt":"2026-03-06T08:50:20","slug":"kemer-devlet-hastanesinden-hayirseverlere-vefa-iftari","status":"publish","type":"post","link":"https:\/\/kemerkent.net\/?p=771","title":{"rendered":"KEMER DEVLET HASTANES\u0130\u2019NDEN HAYIRSEVERLERE VEFA \u0130FTARI"},"content":{"rendered":"\n<p>Kemer Devlet Hastanesi Ba\u015fhekimi Uzm. Dr. \u00c7a\u011fda\u015f Da\u011fl\u0131, hastaneye kurulu\u015fundan bu yana destek veren hay\u0131rsever i\u015f insanlar\u0131 onuruna bir iftar program\u0131 d\u00fczenledi. Ba\u015fhekim Da\u011fl\u0131, &#8220;<strong><em>Bu hastane Kemerlilerin; sizler sahip \u00e7\u0131kt\u0131n\u0131z, birlikte daha da ileriye ta\u015f\u0131yaca\u011f\u0131z<\/em><\/strong>&#8221; diyerek ba\u011f\u0131\u015f\u00e7\u0131lara te\u015fekk\u00fcr etti.<\/p>\n\n\n\n<p>Sa\u011fl\u0131k hizmetlerinde kalitenin art\u0131r\u0131lmas\u0131 ad\u0131na kamu-hay\u0131rsever i\u015f birli\u011finin en g\u00fczel \u00f6rneklerinden birini sergileyen Kemer Devlet Hastanesi, Ramazan ay\u0131n\u0131n manevi atmosferinde destek\u00e7ilerini unutmad\u0131. Hastanenin hizmete a\u00e7\u0131ld\u0131\u011f\u0131 g\u00fcnden bug\u00fcne kadar \u00e7e\u015fitli birimlere ve t\u0131bbi cihaz envanterine katk\u0131da bulunan hay\u0131rseverler i\u00e7in \u00f6zel bir iftar yeme\u011fi organize edildi.<\/p>\n\n\n\n<figure class=\"wp-block-image size-full\"><img loading=\"lazy\" decoding=\"async\" width=\"900\" height=\"675\" src=\"https:\/\/kemerkent.net\/wp-content\/uploads\/2026\/03\/hastane_iftar3.jpg\" alt=\"\" class=\"wp-image-775\" srcset=\"https:\/\/kemerkent.net\/wp-content\/uploads\/2026\/03\/hastane_iftar3.jpg 900w, https:\/\/kemerkent.net\/wp-content\/uploads\/2026\/03\/hastane_iftar3-300x225.jpg 300w, https:\/\/kemerkent.net\/wp-content\/uploads\/2026\/03\/hastane_iftar3-768x576.jpg 768w\" sizes=\"auto, (max-width: 900px) 100vw, 900px\" \/><\/figure>\n\n\n\n<p><strong>Hay\u0131rsever \u0130\u015f D\u00fcnyas\u0131 ve Hastane Y\u00f6netimi Bir Arada<\/strong><br>Programa Kemer\u2019in \u00f6nde gelen i\u015f insanlar\u0131 ve ailelerinin yan\u0131 s\u0131ra hastane y\u00f6neticileri ve o saatte g\u00f6rev ba\u015f\u0131nda olan n\u00f6bet\u00e7i sa\u011fl\u0131k personeli kat\u0131ld\u0131. Samimi bir ortamda ger\u00e7ekle\u015fen iftar bulu\u015fmas\u0131, hastane ve il\u00e7e halk\u0131 aras\u0131ndaki dayan\u0131\u015fma ba\u011flar\u0131n\u0131 bir kez daha g\u00fc\u00e7lendirdi.<\/p>\n\n\n\n<figure class=\"wp-block-image size-full\"><img loading=\"lazy\" decoding=\"async\" width=\"900\" height=\"675\" src=\"https:\/\/kemerkent.net\/wp-content\/uploads\/2026\/03\/hastane_ifta4.jpg\" alt=\"\" class=\"wp-image-772\" srcset=\"https:\/\/kemerkent.net\/wp-content\/uploads\/2026\/03\/hastane_ifta4.jpg 900w, https:\/\/kemerkent.net\/wp-content\/uploads\/2026\/03\/hastane_ifta4-300x225.jpg 300w, https:\/\/kemerkent.net\/wp-content\/uploads\/2026\/03\/hastane_ifta4-768x576.jpg 768w\" sizes=\"auto, (max-width: 900px) 100vw, 900px\" \/><\/figure>\n\n\n\n<p><strong>Ba\u015fhekim Da\u011fl\u0131: &#8220;Sizlere Minnettar\u0131z&#8221;<\/strong><br>\u0130ftar yeme\u011finde bir a\u00e7\u0131l\u0131\u015f konu\u015fmas\u0131 yapan <strong><em>Kemer Devlet Hastanesi Ba\u015fhekimi Uzm. Dr. \u00c7a\u011fda\u015f Da\u011fl\u0131<\/em><\/strong>, hastanenin bug\u00fcnk\u00fc modern seviyesine ula\u015fmas\u0131nda ba\u011f\u0131\u015f\u00e7\u0131lar\u0131n pay\u0131n\u0131n b\u00fcy\u00fck oldu\u011funu vurgulad\u0131. Da\u011fl\u0131, konu\u015fmas\u0131nda \u015fu ifadelere yer verdi:<\/p>\n\n\n\n<p>&#8220;\u00d6ncelikle hepinize hay\u0131rl\u0131 Ramazanlar diliyorum. Bu hastane hepimizin, t\u00fcm Kemerlilerin\u2026 Sizler bu kuruma sahip \u00e7\u0131kt\u0131n\u0131z ve desteklerinizle \u00e7ok g\u00fczel noktalara getirdiniz. Bundan dolay\u0131 b\u00fcy\u00fck bir mutluluk duyuyorum. Hastanemizi sizlerle el birli\u011fi i\u00e7inde \u00e7ok daha iyi yerlere getirece\u011fimize inan\u0131yor, destekleriniz i\u00e7in tekrar minnettarl\u0131\u011f\u0131m\u0131z\u0131 ve \u015f\u00fckranlar\u0131m\u0131z\u0131 sunuyorum.&#8221;<\/p>\n\n\n\n<figure class=\"wp-block-image size-full\"><img loading=\"lazy\" decoding=\"async\" width=\"900\" height=\"687\" src=\"https:\/\/kemerkent.net\/wp-content\/uploads\/2026\/03\/hastane_iftar2.jpg\" alt=\"\" class=\"wp-image-774\" srcset=\"https:\/\/kemerkent.net\/wp-content\/uploads\/2026\/03\/hastane_iftar2.jpg 900w, https:\/\/kemerkent.net\/wp-content\/uploads\/2026\/03\/hastane_iftar2-300x229.jpg 300w, https:\/\/kemerkent.net\/wp-content\/uploads\/2026\/03\/hastane_iftar2-768x586.jpg 768w\" sizes=\"auto, (max-width: 900px) 100vw, 900px\" \/><\/figure>\n\n\n\n<p><strong>Dayan\u0131\u015fma ile Gelen Sa\u011fl\u0131k Vizyonu<\/strong><br>Programda, hay\u0131rseverlerin yapt\u0131\u011f\u0131 ba\u011f\u0131\u015flar\u0131n hastanenin hizmet kapasitesini nas\u0131l art\u0131rd\u0131\u011f\u0131 ve b\u00f6lge halk\u0131na sa\u011flanan sa\u011fl\u0131k hizmetlerindeki iyile\u015fmeler de isti\u015fare edildi. Kat\u0131l\u0131mc\u0131lar, <strong>Kemer Devlet Hastanesi\u2019nin<\/strong> geli\u015fimine destek vermeye devam edeceklerini belirterek organizasyondan duyduklar\u0131 memnuniyeti dile getirdiler.<\/p>\n","protected":false},"excerpt":{"rendered":"<p>Kemer Devlet Hastanesi Ba\u015fhekimi Uzm. Dr. \u00c7a\u011fda\u015f Da\u011fl\u0131, hastaneye kurulu\u015fundan bu yana destek veren hay\u0131rsever&#8230;<\/p>\n","protected":false},"author":1,"featured_media":773,"comment_status":"open","ping_status":"open","sticky":false,"template":"","format":"standard","meta":{"footnotes":""},"categories":[1],"tags":[],"class_list":["post-771","post","type-post","status-publish","format-standard","has-post-thumbnail","hentry","category-uncategorized"],"_links":{"self":[{"href":"https:\/\/kemerkent.net\/index.php?rest_route=\/wp\/v2\/posts\/771","targetHints":{"allow":["GET"]}}],"collection":[{"href":"https:\/\/kemerkent.net\/index.php?rest_route=\/wp\/v2\/posts"}],"about":[{"href":"https:\/\/kemerkent.net\/index.php?rest_route=\/wp\/v2\/types\/post"}],"author":[{"embeddable":true,"href":"https:\/\/kemerkent.net\/index.php?rest_route=\/wp\/v2\/users\/1"}],"replies":[{"embeddable":true,"href":"https:\/\/kemerkent.net\/index.php?rest_route=%2Fwp%2Fv2%2Fcomments&post=771"}],"version-history":[{"count":1,"href":"https:\/\/kemerkent.net\/index.php?rest_route=\/wp\/v2\/posts\/771\/revisions"}],"predecessor-version":[{"id":776,"href":"https:\/\/kemerkent.net\/index.php?rest_route=\/wp\/v2\/posts\/771\/revisions\/776"}],"wp:featuredmedia":[{"embeddable":true,"href":"https:\/\/kemerkent.net\/index.php?rest_route=\/wp\/v2\/media\/773"}],"wp:attachment":[{"href":"https:\/\/kemerkent.net\/index.php?rest_route=%2Fwp%2Fv2%2Fmedia&parent=771"}],"wp:term":[{"taxonomy":"category","embeddable":true,"href":"https:\/\/kemerkent.net\/index.php?rest_route=%2Fwp%2Fv2%2Fcategories&post=771"},{"taxonomy":"post_tag","embeddable":true,"href":"https:\/\/kemerkent.net\/index.php?rest_route=%2Fwp%2Fv2%2Ftags&post=771"}],"curies":[{"name":"wp","href":"https:\/\/api.w.org\/{rel}","templated":true}]}}