{"id":768,"date":"2026-03-06T08:33:08","date_gmt":"2026-03-06T08:33:08","guid":{"rendered":"https:\/\/kemerkent.net\/?p=768"},"modified":"2026-03-06T08:33:09","modified_gmt":"2026-03-06T08:33:09","slug":"gazioglundan-kemer-belediyesine-ramazan-takvimi-elestirisi","status":"publish","type":"post","link":"https:\/\/kemerkent.net\/?p=768","title":{"rendered":"GAZ\u0130O\u011eLU\u2019NDAN KEMER BELED\u0130YES\u0130\u2019NE &#8220;RAMAZAN TAKV\u0130M\u0130&#8221; ELE\u015eT\u0130R\u0130S\u0130"},"content":{"rendered":"\n<p>AK Parti Kemer \u0130l\u00e7e Ba\u015fkan\u0131 U\u011fur Ozan Gazio\u011flu, Kemer Belediyesi\u2019nin Ramazan \u015fenliklerine ge\u00e7 ba\u015flad\u0131\u011f\u0131n\u0131 belirterek, &#8220;<strong><em>Planlama belediyenin saatine g\u00f6re de\u011fil, vatanda\u015f\u0131n beklentisine g\u00f6re yap\u0131lmal\u0131<\/em><\/strong>&#8221; dedi.<\/p>\n\n\n\n<p>AK Parti Kemer \u0130l\u00e7e Ba\u015fkan\u0131 U\u011fur Ozan Gazio\u011flu, Kemer Belediyesi taraf\u0131ndan d\u00fczenlenen Ramazan etkinliklerinin ba\u015flang\u0131\u00e7 tarihine y\u00f6nelik yaz\u0131l\u0131 bir a\u00e7\u0131klama yapt\u0131. Etkinliklerin Ramazan ay\u0131n\u0131n ortalar\u0131na do\u011fru ba\u015flamas\u0131n\u0131 ele\u015ftiren Gazio\u011flu, yerel y\u00f6netime takvim planlamas\u0131 konusunda uyar\u0131larda bulundu.<\/p>\n\n\n\n<p><strong>&#8220;Hi\u00e7 Ba\u015flamamas\u0131ndan \u0130yidir Ama Ge\u00e7 Kal\u0131nd\u0131&#8221;<\/strong><br>Belediyenin \u015fenliklere nihayet ba\u015flad\u0131\u011f\u0131n\u0131 ifade eden Gazio\u011flu, gecikmeden duyulan rahats\u0131zl\u0131\u011f\u0131 \u015fu s\u00f6zlerle dile getirdi:<\/p>\n\n\n\n<p>&#8220;Kemer Belediyesi nihayet Ramazan \u015fenliklerine ba\u015flayabildi. \u2018Hi\u00e7 ba\u015flamamas\u0131ndan iyidir\u2019 diyoruz ama g\u00f6n\u00fcl isterdi ki bu co\u015fku Ramazan\u2019\u0131n ilk iftar\u0131yla birlikte ba\u015flas\u0131n. Manevi iklimi ilk g\u00fcnden itibaren ya\u015fatmak, ba\u015fta \u00e7ocuklar\u0131m\u0131z olmak \u00fczere t\u00fcm hem\u015fehrilerimize kar\u015f\u0131 sorumlulu\u011fumuzdur.&#8221;<\/p>\n\n\n\n<p><strong>&#8220;Vatanda\u015f\u0131n Beklentisini Merkeze Al\u0131n&#8221;<\/strong><br>Planlama s\u00fcrecinde halk\u0131n taleplerinin \u00f6ncelikli olmas\u0131 gerekti\u011fini vurgulayan \u0130l\u00e7e Ba\u015fkan\u0131 Gazio\u011flu, belediye y\u00f6netimine seslenerek \u015funlar\u0131 kaydetti:<br>&#8220;L\u00fctfen bir dahaki sefere takvimi planlarken \u2018sizin saatinize\u2019 g\u00f6re de\u011fil, \u2018vatanda\u015f\u0131n beklentisine\u2019 g\u00f6re hareket edelim. Bu manevi atmosferi eksiksiz ya\u015fatmak hepimizin g\u00f6revi.&#8221;<\/p>\n\n\n\n<p><strong>Belediyeye &#8220;10 G\u00fcn&#8221; Hat\u0131rlatmas\u0131<\/strong><br>A\u00e7\u0131klamas\u0131n\u0131n sonunda gelecek y\u0131l i\u00e7in de bir not d\u00fc\u015fen Gazio\u011flu, &#8220;Gelecek y\u0131l i\u00e7in \u015fimdiden hat\u0131rlatal\u0131m; Ramazan ay\u0131 her y\u0131l yakla\u015f\u0131k 10 g\u00fcn \u00f6ne geliyor. Planlamalar\u0131n buna g\u00f6re erkenden yap\u0131lmas\u0131 Kemer halk\u0131 ad\u0131na beklentimizdir&#8221; diyerek s\u00f6zlerini tamamlad\u0131.<\/p>\n","protected":false},"excerpt":{"rendered":"<p>AK Parti Kemer \u0130l\u00e7e Ba\u015fkan\u0131 U\u011fur Ozan Gazio\u011flu, Kemer Belediyesi\u2019nin Ramazan \u015fenliklerine ge\u00e7 ba\u015flad\u0131\u011f\u0131n\u0131 belirterek,&#8230;<\/p>\n","protected":false},"author":1,"featured_media":769,"comment_status":"open","ping_status":"open","sticky":false,"template":"","format":"standard","meta":{"footnotes":""},"categories":[1],"tags":[],"class_list":["post-768","post","type-post","status-publish","format-standard","has-post-thumbnail","hentry","category-uncategorized"],"_links":{"self":[{"href":"https:\/\/kemerkent.net\/index.php?rest_route=\/wp\/v2\/posts\/768","targetHints":{"allow":["GET"]}}],"collection":[{"href":"https:\/\/kemerkent.net\/index.php?rest_route=\/wp\/v2\/posts"}],"about":[{"href":"https:\/\/kemerkent.net\/index.php?rest_route=\/wp\/v2\/types\/post"}],"author":[{"embeddable":true,"href":"https:\/\/kemerkent.net\/index.php?rest_route=\/wp\/v2\/users\/1"}],"replies":[{"embeddable":true,"href":"https:\/\/kemerkent.net\/index.php?rest_route=%2Fwp%2Fv2%2Fcomments&post=768"}],"version-history":[{"count":1,"href":"https:\/\/kemerkent.net\/index.php?rest_route=\/wp\/v2\/posts\/768\/revisions"}],"predecessor-version":[{"id":770,"href":"https:\/\/kemerkent.net\/index.php?rest_route=\/wp\/v2\/posts\/768\/revisions\/770"}],"wp:featuredmedia":[{"embeddable":true,"href":"https:\/\/kemerkent.net\/index.php?rest_route=\/wp\/v2\/media\/769"}],"wp:attachment":[{"href":"https:\/\/kemerkent.net\/index.php?rest_route=%2Fwp%2Fv2%2Fmedia&parent=768"}],"wp:term":[{"taxonomy":"category","embeddable":true,"href":"https:\/\/kemerkent.net\/index.php?rest_route=%2Fwp%2Fv2%2Fcategories&post=768"},{"taxonomy":"post_tag","embeddable":true,"href":"https:\/\/kemerkent.net\/index.php?rest_route=%2Fwp%2Fv2%2Ftags&post=768"}],"curies":[{"name":"wp","href":"https:\/\/api.w.org\/{rel}","templated":true}]}}