{"id":764,"date":"2026-03-05T14:53:05","date_gmt":"2026-03-05T14:53:05","guid":{"rendered":"https:\/\/kemerkent.net\/?p=764"},"modified":"2026-03-05T14:53:05","modified_gmt":"2026-03-05T14:53:05","slug":"kemerde-ogrencilerle-gonul-sofrasi-ramazan-ruhu-cedes-ile-yasatiliyor","status":"publish","type":"post","link":"https:\/\/kemerkent.net\/?p=764","title":{"rendered":"KEMER\u2019DE \u00d6\u011eRENC\u0130LERLE G\u00d6N\u00dcL SOFRASI: RAMAZAN RUHU \u00c7EDES \u0130LE YA\u015eATILIYOR"},"content":{"rendered":"\n<p>Kemer Kaymakam\u0131 Ahmet Solmaz, \u00c7EDES projesi kapsam\u0131nda d\u00fczenlenen iftar program\u0131nda \u00f6\u011frencilerle bir araya geldi. Ramazan manilerinin okundu\u011fu, Hacivat ve Karag\u00f6z g\u00f6sterilerinin sahnelendi\u011fi gecede geleneksel Ramazan k\u00fclt\u00fcr\u00fc Kemerli gen\u00e7lerle bulu\u015ftu.<\/p>\n\n\n\n<p>Kemer \u0130l\u00e7e M\u00fcft\u00fcl\u00fc\u011f\u00fc taraf\u0131ndan, Diyanet \u0130\u015fleri Ba\u015fkanl\u0131\u011f\u0131n\u0131n &#8220;Ramazan, Cami ve Hayat&#8221; temas\u0131 ve \u00c7EDES (\u00c7evreme Duyarl\u0131y\u0131m, De\u011ferlerime Sahip \u00c7\u0131k\u0131yorum) projesi \u00e7er\u00e7evesinde d\u00fczenlenen iftar program\u0131, il\u00e7ede birlik ve beraberlik r\u00fczgarlar\u0131 estirdi. Hakk\u0131 Saygan Hac\u0131 Hafize Saygan-3 Ortaokulu \u00f6\u011frencileri i\u00e7in d\u00fczenlenen program, yo\u011fun bir kat\u0131l\u0131mla ger\u00e7ekle\u015ftirildi.<\/p>\n\n\n\n<p><strong>Geni\u015f Kat\u0131l\u0131ml\u0131 Manevi Bulu\u015fma<\/strong><br>Programa Kemer Kaymakam\u0131 Ahmet Solmaz\u2019\u0131n yan\u0131 s\u0131ra; Antalya \u0130l M\u00fcft\u00fc Yard\u0131mc\u0131lar\u0131 Ramazan \u00d6zg\u00fcn T\u00fcrkmen ve Talat \u00d6zmet, Kemer \u0130l\u00e7e Mill\u00ee E\u011fitim M\u00fcd\u00fcr\u00fc, okul y\u00f6neticileri, \u00f6\u011fretmenler, \u00f6\u011frenciler, m\u00fcft\u00fcl\u00fck personeli ve aileleri kat\u0131ld\u0131.<\/p>\n\n\n\n<p><strong>Geleneksel Ramazan K\u00fclt\u00fcr\u00fc Sahneye Ta\u015f\u0131nd\u0131<\/strong><br>Kemer\u2019de d\u00fczenlenen iftar program\u0131 kapsam\u0131nda geleneksel Ramazan k\u00fclt\u00fcr\u00fc sahneye ta\u015f\u0131n\u0131rken, iftar \u00f6ncesi ve sonras\u0131nda ger\u00e7ekle\u015ftirilen etkinlikler \u00f6\u011frencilere unutulmaz anlar ya\u015fatt\u0131. Programda yer alan &#8220;Ramazan Davulu ve Maniler&#8221; b\u00f6l\u00fcm\u00fcnde \u00f6\u011frenciler, geleneksel k\u0131yafetler ve Ramazan davulu e\u015fli\u011finde maniler okuyarak kat\u0131l\u0131mc\u0131lara eski Ramazanlar\u0131n ruhunu yeniden hat\u0131rlatt\u0131.<\/p>\n\n\n\n<p>Ramazan k\u00fclt\u00fcr\u00fcn\u00fcn en k\u00f6kl\u00fc ve \u00f6nemli unsurlar\u0131ndan biri olan &#8220;Hacivat-Karag\u00f6z&#8221; g\u00f6lge oyunu ise sergilenen performansla \u00f6\u011frencilerin b\u00fcy\u00fck be\u011fenisini toplad\u0131. Etkinlik boyunca \u00f6\u011frencilerle yak\u0131ndan ilgilenen Kemer Kaymakam\u0131 Ahmet Solmaz, iftar masalar\u0131n\u0131 tek tek gezerek gen\u00e7lerle samimi bir sohbet ger\u00e7ekle\u015ftirdi ve Ramazan ay\u0131n\u0131n manevi de\u011ferleri \u00fczerine onlarla g\u00f6r\u00fc\u015f al\u0131\u015fveri\u015finde bulundu.<\/p>\n\n\n\n<figure class=\"wp-block-image size-full\"><img loading=\"lazy\" decoding=\"async\" width=\"900\" height=\"405\" src=\"https:\/\/kemerkent.net\/wp-content\/uploads\/2026\/03\/cedes_2.jpg\" alt=\"\" class=\"wp-image-765\" srcset=\"https:\/\/kemerkent.net\/wp-content\/uploads\/2026\/03\/cedes_2.jpg 900w, https:\/\/kemerkent.net\/wp-content\/uploads\/2026\/03\/cedes_2-300x135.jpg 300w, https:\/\/kemerkent.net\/wp-content\/uploads\/2026\/03\/cedes_2-768x346.jpg 768w\" sizes=\"auto, (max-width: 900px) 100vw, 900px\" \/><\/figure>\n\n\n\n<p><strong>Dualarla \u0130ftar A\u00e7\u0131ld\u0131<\/strong><br>Program\u0131n iftar duas\u0131n\u0131 Antalya \u0130l M\u00fcft\u00fc Yard\u0131mc\u0131s\u0131 Ramazan \u00d6zg\u00fcn T\u00fcrkmen ger\u00e7ekle\u015ftirdi. Duan\u0131n ard\u0131ndan oru\u00e7lar\u0131n\u0131 a\u00e7an \u00f6\u011frenciler ve protokol \u00fcyeleri, Ramazan ay\u0131n\u0131n huzurunu ayn\u0131 sofrada payla\u015ft\u0131.<\/p>\n\n\n\n<p>Program\u0131n sonunda bir te\u015fekk\u00fcr mesaj\u0131 yay\u0131nlanarak; bu anlaml\u0131 organizasyonun d\u00fczenlenmesinde eme\u011fi ge\u00e7en Kemer \u0130l\u00e7e M\u00fcft\u00fcl\u00fc\u011f\u00fcne, okul y\u00f6netimine, \u00f6\u011fretmenlere ve katk\u0131 sunan t\u00fcm hay\u0131rseverlere \u015f\u00fckranlar sunuldu.<\/p>\n\n\n\n<p><\/p>\n","protected":false},"excerpt":{"rendered":"<p>Kemer Kaymakam\u0131 Ahmet Solmaz, \u00c7EDES projesi kapsam\u0131nda d\u00fczenlenen iftar program\u0131nda \u00f6\u011frencilerle bir araya geldi. Ramazan&#8230;<\/p>\n","protected":false},"author":1,"featured_media":766,"comment_status":"open","ping_status":"open","sticky":false,"template":"","format":"standard","meta":{"footnotes":""},"categories":[1],"tags":[],"class_list":["post-764","post","type-post","status-publish","format-standard","has-post-thumbnail","hentry","category-uncategorized"],"_links":{"self":[{"href":"https:\/\/kemerkent.net\/index.php?rest_route=\/wp\/v2\/posts\/764","targetHints":{"allow":["GET"]}}],"collection":[{"href":"https:\/\/kemerkent.net\/index.php?rest_route=\/wp\/v2\/posts"}],"about":[{"href":"https:\/\/kemerkent.net\/index.php?rest_route=\/wp\/v2\/types\/post"}],"author":[{"embeddable":true,"href":"https:\/\/kemerkent.net\/index.php?rest_route=\/wp\/v2\/users\/1"}],"replies":[{"embeddable":true,"href":"https:\/\/kemerkent.net\/index.php?rest_route=%2Fwp%2Fv2%2Fcomments&post=764"}],"version-history":[{"count":1,"href":"https:\/\/kemerkent.net\/index.php?rest_route=\/wp\/v2\/posts\/764\/revisions"}],"predecessor-version":[{"id":767,"href":"https:\/\/kemerkent.net\/index.php?rest_route=\/wp\/v2\/posts\/764\/revisions\/767"}],"wp:featuredmedia":[{"embeddable":true,"href":"https:\/\/kemerkent.net\/index.php?rest_route=\/wp\/v2\/media\/766"}],"wp:attachment":[{"href":"https:\/\/kemerkent.net\/index.php?rest_route=%2Fwp%2Fv2%2Fmedia&parent=764"}],"wp:term":[{"taxonomy":"category","embeddable":true,"href":"https:\/\/kemerkent.net\/index.php?rest_route=%2Fwp%2Fv2%2Fcategories&post=764"},{"taxonomy":"post_tag","embeddable":true,"href":"https:\/\/kemerkent.net\/index.php?rest_route=%2Fwp%2Fv2%2Ftags&post=764"}],"curies":[{"name":"wp","href":"https:\/\/api.w.org\/{rel}","templated":true}]}}