{"id":242,"date":"2025-12-26T14:51:14","date_gmt":"2025-12-26T14:51:14","guid":{"rendered":"https:\/\/kemerkent.net\/?p=242"},"modified":"2025-12-26T14:51:14","modified_gmt":"2025-12-26T14:51:14","slug":"kemerde-su-alti-arkeoloji-muzesi-ve-tarihi-siperler-masaya-yatirildi","status":"publish","type":"post","link":"https:\/\/kemerkent.net\/?p=242","title":{"rendered":"KEMER\u2019DE SU ALTI ARKEOLOJ\u0130 M\u00dcZES\u0130 VE TAR\u0130H\u0130 S\u0130PERLER MASAYA YATIRILDI"},"content":{"rendered":"\n<p>Antalya M\u00fcze M\u00fcd\u00fcr\u00fc Mustafa Demirel, Akdeniz \u00dcniversitesi G\u00fczel Sanatlar Fak\u00fcltesi K\u00fclt\u00fcr Varl\u0131klar\u0131n\u0131 Koruma ve Onar\u0131m B\u00f6l\u00fcm Ba\u015fkan\u0131 Do\u00e7. Dr. Hakan \u00d6niz, AK Parti Kemer \u0130l\u00e7e Ba\u015fkan\u0131 U\u011fur Ozan Gazio\u011flu ve Yerel Tarih\u00e7i Ramazan Kar, Kemer Kaymakam\u0131 Ahmet Solmaz\u2019\u0131 makam\u0131nda ziyaret etti.<\/p>\n\n\n\n<p>Ger\u00e7ekle\u015ftirilen ziyarette, Kemer\u2019de planlanan Su Alt\u0131 Arkeoloji M\u00fczesi yap\u0131m\u0131 ile b\u00f6lgedeki tarihi miras\u0131n korunmas\u0131na y\u00f6nelik \u00e7al\u0131\u015fmalar ele al\u0131nd\u0131. G\u00f6r\u00fc\u015fmede \u00f6zellikle Top\u00e7u Y\u00fczba\u015f\u0131 Mustafa Ertu\u011frul Aker\u2019e ait siperlerin, tarihi kimli\u011fi korunarak d\u00fczenlenmesi, tan\u0131t\u0131m\u0131n\u0131n art\u0131r\u0131lmas\u0131 ve ziyaret edilebilir h\u00e2le getirilmesine y\u00f6nelik yap\u0131labilecek projeler \u00fczerinde duruldu.<\/p>\n\n\n\n<p>Kat\u0131l\u0131mc\u0131lar, Kemer\u2019in tarih\u00ee ve k\u00fclt\u00fcrel de\u011ferlerinin korunarak gelecek nesillere aktar\u0131lmas\u0131n\u0131n \u00f6nemine dikkat \u00e7ekerken, bu \u00e7al\u0131\u015fmalar\u0131n turizme de katk\u0131 sa\u011flayaca\u011f\u0131 vurguland\u0131. G\u00f6r\u00fc\u015fme, kurumlar aras\u0131 i\u015f birli\u011fiyle hayata ge\u00e7irilebilecek projeler konusunda kar\u015f\u0131l\u0131kl\u0131 g\u00f6r\u00fc\u015f al\u0131\u015fveri\u015fiyle sona erdi.<\/p>\n","protected":false},"excerpt":{"rendered":"<p>Antalya M\u00fcze M\u00fcd\u00fcr\u00fc Mustafa Demirel, Akdeniz \u00dcniversitesi G\u00fczel Sanatlar Fak\u00fcltesi K\u00fclt\u00fcr Varl\u0131klar\u0131n\u0131 Koruma ve Onar\u0131m&#8230;<\/p>\n","protected":false},"author":1,"featured_media":243,"comment_status":"open","ping_status":"open","sticky":false,"template":"","format":"standard","meta":{"footnotes":""},"categories":[1],"tags":[],"class_list":["post-242","post","type-post","status-publish","format-standard","has-post-thumbnail","hentry","category-uncategorized"],"_links":{"self":[{"href":"https:\/\/kemerkent.net\/index.php?rest_route=\/wp\/v2\/posts\/242","targetHints":{"allow":["GET"]}}],"collection":[{"href":"https:\/\/kemerkent.net\/index.php?rest_route=\/wp\/v2\/posts"}],"about":[{"href":"https:\/\/kemerkent.net\/index.php?rest_route=\/wp\/v2\/types\/post"}],"author":[{"embeddable":true,"href":"https:\/\/kemerkent.net\/index.php?rest_route=\/wp\/v2\/users\/1"}],"replies":[{"embeddable":true,"href":"https:\/\/kemerkent.net\/index.php?rest_route=%2Fwp%2Fv2%2Fcomments&post=242"}],"version-history":[{"count":1,"href":"https:\/\/kemerkent.net\/index.php?rest_route=\/wp\/v2\/posts\/242\/revisions"}],"predecessor-version":[{"id":244,"href":"https:\/\/kemerkent.net\/index.php?rest_route=\/wp\/v2\/posts\/242\/revisions\/244"}],"wp:featuredmedia":[{"embeddable":true,"href":"https:\/\/kemerkent.net\/index.php?rest_route=\/wp\/v2\/media\/243"}],"wp:attachment":[{"href":"https:\/\/kemerkent.net\/index.php?rest_route=%2Fwp%2Fv2%2Fmedia&parent=242"}],"wp:term":[{"taxonomy":"category","embeddable":true,"href":"https:\/\/kemerkent.net\/index.php?rest_route=%2Fwp%2Fv2%2Fcategories&post=242"},{"taxonomy":"post_tag","embeddable":true,"href":"https:\/\/kemerkent.net\/index.php?rest_route=%2Fwp%2Fv2%2Ftags&post=242"}],"curies":[{"name":"wp","href":"https:\/\/api.w.org\/{rel}","templated":true}]}}