{"id":236,"date":"2025-12-26T14:45:27","date_gmt":"2025-12-26T14:45:27","guid":{"rendered":"https:\/\/kemerkent.net\/?p=236"},"modified":"2025-12-26T14:45:27","modified_gmt":"2025-12-26T14:45:27","slug":"galatasaray-yuzme-takimi-antalyada-crowne-plaza-antalyada-konakliyor","status":"publish","type":"post","link":"https:\/\/kemerkent.net\/?p=236","title":{"rendered":"GALATASARAY Y\u00dcZME TAKIMI ANTALYA\u2019DA, CROWNE PLAZA ANTALYA\u2019DA KONAKLIYOR"},"content":{"rendered":"\n<p>T\u00fcrkiye Kul\u00fcpler Aras\u0131 K\u0131sa Kulvar Y\u0131ld\u0131z, Gen\u00e7 ve A\u00e7\u0131k Ya\u015f Y\u00fczme \u015eampiyonas\u0131, 24\u201328 Aral\u0131k tarihleri aras\u0131nda Antalya\u2019da d\u00fczenleniyor. T\u00fcrkiye\u2019nin en prestijli y\u00fczme organizasyonlar\u0131 aras\u0131nda yer alan \u015fampiyona, \u00fclke genelinden \u00e7ok say\u0131da kul\u00fcp ve sporcuyu bir araya getiriyor.<\/p>\n\n\n\n<p>Bu \u00f6nemli organizasyon kapsam\u0131nda Galatasaray Spor Kul\u00fcb\u00fc Y\u00fczme Tak\u0131m\u0131, 192 sporcusuyla birlikte \u015fampiyona s\u00fcresince Crowne Plaza Antalya\u2019da konakl\u0131yor. Sporcu dostu hizmet anlay\u0131\u015f\u0131 ve donan\u0131m\u0131yla \u00f6ne \u00e7\u0131kan Crowne Plaza Antalya, sporcular\u0131n konforlu ve verimli bir kamp s\u00fcreci ge\u00e7irmesine ev sahipli\u011fi yap\u0131yor.<\/p>\n\n\n\n<p><strong>Crowne Plaza Antalya Genel M\u00fcd\u00fcr\u00fc Dr. Nurhak Akbudak,<\/strong> Galatasaray Spor Kul\u00fcb\u00fc Y\u00fczme Tak\u0131m\u0131\u2019n\u0131 a\u011f\u0131rlamaktan b\u00fcy\u00fck mutluluk ve gurur duyduklar\u0131n\u0131 belirterek, \u201cCrowne Plaza Antalya olarak Galatasaray Spor Kul\u00fcb\u00fc\u2019n\u00fcn de\u011ferli y\u00fczme tak\u0131m\u0131n\u0131 otelimizde misafir etmekten b\u00fcy\u00fck memnuniyet duyuyoruz. T\u00fcm sporcular\u0131m\u0131za ba\u015far\u0131larla dolu, verimli ve unutulmaz bir \u015fampiyona diliyoruz\u201d ifadelerini kulland\u0131.<\/p>\n\n\n\n<p>Antalya\u2019n\u0131n spor turizmi a\u00e7\u0131s\u0131ndan \u00f6nemli bir merkez haline geldi\u011fini g\u00f6steren organizasyon, hem \u015fehre hem de turizm sekt\u00f6r\u00fcne katk\u0131 sa\u011flamaya devam ediyor.<\/p>\n","protected":false},"excerpt":{"rendered":"<p>T\u00fcrkiye Kul\u00fcpler Aras\u0131 K\u0131sa Kulvar Y\u0131ld\u0131z, Gen\u00e7 ve A\u00e7\u0131k Ya\u015f Y\u00fczme \u015eampiyonas\u0131, 24\u201328 Aral\u0131k tarihleri&#8230;<\/p>\n","protected":false},"author":1,"featured_media":237,"comment_status":"open","ping_status":"open","sticky":false,"template":"","format":"standard","meta":{"footnotes":""},"categories":[1],"tags":[],"class_list":["post-236","post","type-post","status-publish","format-standard","has-post-thumbnail","hentry","category-uncategorized"],"_links":{"self":[{"href":"https:\/\/kemerkent.net\/index.php?rest_route=\/wp\/v2\/posts\/236","targetHints":{"allow":["GET"]}}],"collection":[{"href":"https:\/\/kemerkent.net\/index.php?rest_route=\/wp\/v2\/posts"}],"about":[{"href":"https:\/\/kemerkent.net\/index.php?rest_route=\/wp\/v2\/types\/post"}],"author":[{"embeddable":true,"href":"https:\/\/kemerkent.net\/index.php?rest_route=\/wp\/v2\/users\/1"}],"replies":[{"embeddable":true,"href":"https:\/\/kemerkent.net\/index.php?rest_route=%2Fwp%2Fv2%2Fcomments&post=236"}],"version-history":[{"count":1,"href":"https:\/\/kemerkent.net\/index.php?rest_route=\/wp\/v2\/posts\/236\/revisions"}],"predecessor-version":[{"id":238,"href":"https:\/\/kemerkent.net\/index.php?rest_route=\/wp\/v2\/posts\/236\/revisions\/238"}],"wp:featuredmedia":[{"embeddable":true,"href":"https:\/\/kemerkent.net\/index.php?rest_route=\/wp\/v2\/media\/237"}],"wp:attachment":[{"href":"https:\/\/kemerkent.net\/index.php?rest_route=%2Fwp%2Fv2%2Fmedia&parent=236"}],"wp:term":[{"taxonomy":"category","embeddable":true,"href":"https:\/\/kemerkent.net\/index.php?rest_route=%2Fwp%2Fv2%2Fcategories&post=236"},{"taxonomy":"post_tag","embeddable":true,"href":"https:\/\/kemerkent.net\/index.php?rest_route=%2Fwp%2Fv2%2Ftags&post=236"}],"curies":[{"name":"wp","href":"https:\/\/api.w.org\/{rel}","templated":true}]}}