{"id":228,"date":"2025-12-25T15:21:45","date_gmt":"2025-12-25T15:21:45","guid":{"rendered":"https:\/\/kemerkent.net\/?p=228"},"modified":"2025-12-25T15:44:13","modified_gmt":"2025-12-25T15:44:13","slug":"okay-celik-kemer-esnaf-odalari-birligi-baskanligina-aday-oldugunu-acikladi","status":"publish","type":"post","link":"https:\/\/kemerkent.net\/?p=228","title":{"rendered":"OKAY \u00c7EL\u0130K, KEMER ESNAF ODASI BA\u015eKANLI\u011eI&#8217;NA ADAY OLDU\u011eUNU A\u00c7IKLADI"},"content":{"rendered":"\n<p><strong>Halil \u00d6NC\u00dc (KEMER) &#8211; <\/strong>Kemer\u2019in tan\u0131nm\u0131\u015f ve sevilen esnaflar\u0131ndan Okay \u00c7elik, \u201c G\u00fc\u00e7l\u00fc esnaf G\u00fc\u00e7l\u00fc Kemer\u201d slogan\u0131yla Kemer Esnaf Oda ba\u015fkanl\u0131\u011f\u0131na adayl\u0131\u011f\u0131n\u0131 a\u00e7\u0131klad\u0131.<\/p>\n\n\n\n<p>Y\u0131llard\u0131r Kemer\u2019de ticaretin ve esnafl\u0131\u011f\u0131n i\u00e7inde yer alan \u00c7elik, yapt\u0131\u011f\u0131 a\u00e7\u0131klamada adayl\u0131k s\u00fcrecinin ki\u015fisel bir hedef de\u011fil, tamamen Kemer esnaf\u0131na hizmet etme anlay\u0131\u015f\u0131yla \u015fekillendi\u011fini vurgulad\u0131.<\/p>\n\n\n\n<p><strong>Okay \u00c7elik,<\/strong> Kemer esnaf\u0131n\u0131n son y\u0131llarda ekonomik dalgalanmalar, artan maliyetler ve sekt\u00f6rel sorunlar kar\u015f\u0131s\u0131nda zor bir s\u00fcre\u00e7ten ge\u00e7ti\u011fine dikkat \u00e7ekerek, Esnaf Odas\u0131n\u0131n bu s\u00fcre\u00e7te daha aktif, kapsay\u0131c\u0131 ve \u00e7\u00f6z\u00fcm odakl\u0131 bir yap\u0131ya kavu\u015fmas\u0131 gerekti\u011fini ifade etti.<\/p>\n\n\n\n<p>\u00c7elik, E\u011fitim, dijitalle\u015fme, finansmana eri\u015fim ve gen\u00e7 esnafa destek konular\u0131n\u0131n \u00f6ncelikleri aras\u0131nda yer alaca\u011f\u0131n\u0131 da s\u00f6zlerine ekledi.<\/p>\n\n\n\n<p>Okay \u00c7elik, y\u00f6netim anlay\u0131\u015f\u0131n\u0131n \u015feffafl\u0131k, ortak ak\u0131l ve isti\u015fare \u00fczerine kurulaca\u011f\u0131n\u0131 belirterek, t\u00fcm esnaflar\u0131 s\u00fcrece katk\u0131 sunmaya davet etti.<\/p>\n\n\n\n<p><strong>Kemer esnaf camias\u0131nda geni\u015f bir kesim taraf\u0131ndan tan\u0131nan Onay \u00c7elik\u2019in <\/strong>adayl\u0131\u011f\u0131, Esnaf Odas\u0131&#8217;nda yeni bir d\u00f6nem beklentisini de beraberinde getirirken, \u00f6n\u00fcm\u00fczdeki s\u00fcre\u00e7te esnaf\u0131n g\u00f6sterece\u011fi destek merakla bekleniyor.<\/p>\n\n\n\n<iframe loading=\"lazy\" src=\"https:\/\/www.facebook.com\/plugins\/video.php?height=476&#038;href=https%3A%2F%2Fwww.facebook.com%2Freel%2F943252288027367%2F&#038;show_text=false&#038;width=267&#038;t=0\" width=\"267\" height=\"476\" style=\"border:none;overflow:hidden\" scrolling=\"no\" frameborder=\"0\" allowfullscreen=\"true\" allow=\"autoplay; clipboard-write; encrypted-media; picture-in-picture; web-share\" allowFullScreen=\"true\"><\/iframe>\n","protected":false},"excerpt":{"rendered":"<p>Halil \u00d6NC\u00dc (KEMER) &#8211; Kemer\u2019in tan\u0131nm\u0131\u015f ve sevilen esnaflar\u0131ndan Okay \u00c7elik, \u201c G\u00fc\u00e7l\u00fc esnaf G\u00fc\u00e7l\u00fc&#8230;<\/p>\n","protected":false},"author":1,"featured_media":229,"comment_status":"open","ping_status":"open","sticky":false,"template":"","format":"standard","meta":{"footnotes":""},"categories":[1],"tags":[],"class_list":["post-228","post","type-post","status-publish","format-standard","has-post-thumbnail","hentry","category-uncategorized"],"_links":{"self":[{"href":"https:\/\/kemerkent.net\/index.php?rest_route=\/wp\/v2\/posts\/228","targetHints":{"allow":["GET"]}}],"collection":[{"href":"https:\/\/kemerkent.net\/index.php?rest_route=\/wp\/v2\/posts"}],"about":[{"href":"https:\/\/kemerkent.net\/index.php?rest_route=\/wp\/v2\/types\/post"}],"author":[{"embeddable":true,"href":"https:\/\/kemerkent.net\/index.php?rest_route=\/wp\/v2\/users\/1"}],"replies":[{"embeddable":true,"href":"https:\/\/kemerkent.net\/index.php?rest_route=%2Fwp%2Fv2%2Fcomments&post=228"}],"version-history":[{"count":4,"href":"https:\/\/kemerkent.net\/index.php?rest_route=\/wp\/v2\/posts\/228\/revisions"}],"predecessor-version":[{"id":235,"href":"https:\/\/kemerkent.net\/index.php?rest_route=\/wp\/v2\/posts\/228\/revisions\/235"}],"wp:featuredmedia":[{"embeddable":true,"href":"https:\/\/kemerkent.net\/index.php?rest_route=\/wp\/v2\/media\/229"}],"wp:attachment":[{"href":"https:\/\/kemerkent.net\/index.php?rest_route=%2Fwp%2Fv2%2Fmedia&parent=228"}],"wp:term":[{"taxonomy":"category","embeddable":true,"href":"https:\/\/kemerkent.net\/index.php?rest_route=%2Fwp%2Fv2%2Fcategories&post=228"},{"taxonomy":"post_tag","embeddable":true,"href":"https:\/\/kemerkent.net\/index.php?rest_route=%2Fwp%2Fv2%2Ftags&post=228"}],"curies":[{"name":"wp","href":"https:\/\/api.w.org\/{rel}","templated":true}]}}