{"id":222,"date":"2025-12-21T13:31:50","date_gmt":"2025-12-21T13:31:50","guid":{"rendered":"https:\/\/kemerkent.net\/?p=222"},"modified":"2025-12-21T13:32:22","modified_gmt":"2025-12-21T13:32:22","slug":"gelecegimizi-yazan-genc-yurekler-projesi-kapsaminda-gencler-tarihle-bulustu","status":"publish","type":"post","link":"https:\/\/kemerkent.net\/?p=222","title":{"rendered":"&#8216;GELECE\u011e\u0130M\u0130Z\u0130 YAZAN GEN\u00c7 Y\u00dcREKLER&#8217; PROJES\u0130 KAPSAMINDA PHASEL\u0130S&#8217;\u0130Z GEZD\u0130LER"},"content":{"rendered":"\n<p>Antalya Emniyet M\u00fcd\u00fcrl\u00fc\u011f\u00fc, \u201cGelece\u011fimizi Yazan Gen\u00e7 Y\u00fcrekler\u201d Projesi kapsam\u0131nda gen\u00e7lerin tarih ve k\u00fclt\u00fcrel bilin\u00e7lerini art\u0131rmak amac\u0131yla anlaml\u0131 bir etkinlik d\u00fczenledi. Asayi\u015f Daire Ba\u015fkanl\u0131\u011f\u0131 koordinasyonunda y\u00fcr\u00fct\u00fclen \u00c7ocuk ve Gen\u00e7leri Koruma ve Destek Program\u0131 (\u00c7OGEP) \u00e7er\u00e7evesinde ger\u00e7ekle\u015ftirilen etkinlikte, Akdeniz \u00dcniversitesi yerle\u015fkesinde faaliyet g\u00f6steren \u00d6zgecan Aslan Gen\u00e7lik Merkezi \u00f6\u011frencileri Phaselis \u00d6ren Yeri\u2019nde tarihi bir geziye kat\u0131ld\u0131.<\/p>\n\n\n\n<p>Rehber e\u015fli\u011finde ger\u00e7ekle\u015ftirilen gezide \u00f6\u011frencilere kadim medeniyetlerin izleri tan\u0131t\u0131ld\u0131, tarih bilincinin g\u00fc\u00e7lendirilmesi ve k\u00fclt\u00fcrel de\u011ferlere sahip \u00e7\u0131kma fark\u0131ndal\u0131\u011f\u0131n\u0131n art\u0131r\u0131lmas\u0131 hedeflendi. Program, gen\u00e7lerin sosyal ba\u011flar\u0131n\u0131n g\u00fc\u00e7lenmesine, ge\u00e7mi\u015fle ba\u011f kurmalar\u0131na ve k\u00fclt\u00fcrel mirasa y\u00f6nelik duyarl\u0131l\u0131k geli\u015ftirmelerine de \u00f6nemli katk\u0131 sa\u011flad\u0131.<\/p>\n\n\n\n<figure class=\"wp-block-image size-large\"><img loading=\"lazy\" decoding=\"async\" width=\"1024\" height=\"675\" src=\"https:\/\/kemerkent.net\/wp-content\/uploads\/2025\/12\/ogr_phaselis1-1-1024x675.jpg\" alt=\"\" class=\"wp-image-225\" srcset=\"https:\/\/kemerkent.net\/wp-content\/uploads\/2025\/12\/ogr_phaselis1-1-1024x675.jpg 1024w, https:\/\/kemerkent.net\/wp-content\/uploads\/2025\/12\/ogr_phaselis1-1-300x198.jpg 300w, https:\/\/kemerkent.net\/wp-content\/uploads\/2025\/12\/ogr_phaselis1-1-768x506.jpg 768w, https:\/\/kemerkent.net\/wp-content\/uploads\/2025\/12\/ogr_phaselis1-1.jpg 1200w\" sizes=\"auto, (max-width: 1024px) 100vw, 1024px\" \/><\/figure>\n\n\n\n<p>Antalya Emniyet M\u00fcd\u00fcrl\u00fc\u011f\u00fc\u2019nden yap\u0131lan a\u00e7\u0131klamada, \u201c\u00c7ocuk ve gen\u00e7lerimizin yaln\u0131zca g\u00fcvenli\u011fini sa\u011flamakla kalmay\u0131p, sosyal, k\u00fclt\u00fcrel ve ki\u015fisel geli\u015fimlerine katk\u0131 sunmay\u0131 da temel sorumluluklar\u0131m\u0131z aras\u0131nda g\u00f6r\u00fcyoruz. Bu t\u00fcr faaliyetlerle \u00f6zg\u00fcveni y\u00fcksek, milli ve manevi de\u011ferlerine ba\u011fl\u0131, topluma faydal\u0131 bireyler yeti\u015ftirmeye kararl\u0131l\u0131kla devam edece\u011fiz\u201d ifadeleri kullan\u0131ld\u0131.<\/p>\n","protected":false},"excerpt":{"rendered":"<p>Antalya Emniyet M\u00fcd\u00fcrl\u00fc\u011f\u00fc, \u201cGelece\u011fimizi Yazan Gen\u00e7 Y\u00fcrekler\u201d Projesi kapsam\u0131nda gen\u00e7lerin tarih ve k\u00fclt\u00fcrel bilin\u00e7lerini art\u0131rmak&#8230;<\/p>\n","protected":false},"author":1,"featured_media":223,"comment_status":"open","ping_status":"open","sticky":false,"template":"","format":"standard","meta":{"footnotes":""},"categories":[1],"tags":[],"class_list":["post-222","post","type-post","status-publish","format-standard","has-post-thumbnail","hentry","category-uncategorized"],"_links":{"self":[{"href":"https:\/\/kemerkent.net\/index.php?rest_route=\/wp\/v2\/posts\/222","targetHints":{"allow":["GET"]}}],"collection":[{"href":"https:\/\/kemerkent.net\/index.php?rest_route=\/wp\/v2\/posts"}],"about":[{"href":"https:\/\/kemerkent.net\/index.php?rest_route=\/wp\/v2\/types\/post"}],"author":[{"embeddable":true,"href":"https:\/\/kemerkent.net\/index.php?rest_route=\/wp\/v2\/users\/1"}],"replies":[{"embeddable":true,"href":"https:\/\/kemerkent.net\/index.php?rest_route=%2Fwp%2Fv2%2Fcomments&post=222"}],"version-history":[{"count":2,"href":"https:\/\/kemerkent.net\/index.php?rest_route=\/wp\/v2\/posts\/222\/revisions"}],"predecessor-version":[{"id":227,"href":"https:\/\/kemerkent.net\/index.php?rest_route=\/wp\/v2\/posts\/222\/revisions\/227"}],"wp:featuredmedia":[{"embeddable":true,"href":"https:\/\/kemerkent.net\/index.php?rest_route=\/wp\/v2\/media\/223"}],"wp:attachment":[{"href":"https:\/\/kemerkent.net\/index.php?rest_route=%2Fwp%2Fv2%2Fmedia&parent=222"}],"wp:term":[{"taxonomy":"category","embeddable":true,"href":"https:\/\/kemerkent.net\/index.php?rest_route=%2Fwp%2Fv2%2Fcategories&post=222"},{"taxonomy":"post_tag","embeddable":true,"href":"https:\/\/kemerkent.net\/index.php?rest_route=%2Fwp%2Fv2%2Ftags&post=222"}],"curies":[{"name":"wp","href":"https:\/\/api.w.org\/{rel}","templated":true}]}}