{"id":213,"date":"2025-12-21T12:58:01","date_gmt":"2025-12-21T12:58:01","guid":{"rendered":"https:\/\/kemerkent.net\/?p=213"},"modified":"2025-12-21T12:58:01","modified_gmt":"2025-12-21T12:58:01","slug":"kemk-genel-kurulunda-semih-ozdemir-guven-tazeledi","status":"publish","type":"post","link":"https:\/\/kemerkent.net\/?p=213","title":{"rendered":"KEMK GENEL KURULUNDA SEM\u0130H \u00d6ZDEM\u0130R G\u00dcVEN TAZELED\u0130"},"content":{"rendered":"\n<p>Kemer Enduro Motosiklet Spor Kul\u00fcb\u00fc\u2019n\u00fcn 7. Ola\u011fan Genel Kurulu, 20 Aral\u0131k 2025 tarihinde Kemer Uygulama Otel\u2019de ger\u00e7ekle\u015ftirildi. Kul\u00fcp \u00fcyelerinin %90\u2019\u0131n\u0131n kat\u0131ld\u0131\u011f\u0131 genel kurulda, mevcut ba\u015fkan Semih \u00d6zdemir, tek aday olarak girdi\u011fi se\u00e7imde oylar\u0131n tamam\u0131n\u0131 alarak g\u00fcven tazeledi.<\/p>\n\n\n\n<figure class=\"wp-block-image size-full\"><img loading=\"lazy\" decoding=\"async\" width=\"900\" height=\"600\" src=\"https:\/\/kemerkent.net\/wp-content\/uploads\/2025\/12\/kemk2-1.jpg\" alt=\"\" class=\"wp-image-218\" srcset=\"https:\/\/kemerkent.net\/wp-content\/uploads\/2025\/12\/kemk2-1.jpg 900w, https:\/\/kemerkent.net\/wp-content\/uploads\/2025\/12\/kemk2-1-300x200.jpg 300w, https:\/\/kemerkent.net\/wp-content\/uploads\/2025\/12\/kemk2-1-768x512.jpg 768w\" sizes=\"auto, (max-width: 900px) 100vw, 900px\" \/><\/figure>\n\n\n\n<p>Genel kurulda konu\u015fan \u00d6zdemir, kul\u00fcb\u00fcn 2006 y\u0131l\u0131nda Kemer\u2019de kurulmas\u0131ndan bu yana elde etti\u011fi ulusal ve uluslararas\u0131 ba\u015far\u0131lar\u0131 vurgulad\u0131. \u00d6zdemir, kul\u00fcb\u00fcn yaln\u0131zca sportif alandaki ba\u015far\u0131lar\u0131yla de\u011fil, d\u00fczenledi\u011fi ulusal ve uluslararas\u0131 enduro organizasyonlar\u0131 ile Kemer\u2019in ve Antalya\u2019n\u0131n tan\u0131t\u0131m\u0131na yapt\u0131\u011f\u0131 katk\u0131larla da \u00f6n plana \u00e7\u0131kt\u0131\u011f\u0131n\u0131 belirtti. \u00d6zellikle her y\u0131l d\u00fczenlenen \u201cSea To Sky\u201d etkinlikleri, Kemer\u2019i d\u00fcnya \u00e7ap\u0131nda motosiklet sporunun \u00f6nemli merkezlerinden biri haline getirdi.<\/p>\n\n\n\n<figure class=\"wp-block-image size-full\"><img loading=\"lazy\" decoding=\"async\" width=\"900\" height=\"662\" src=\"https:\/\/kemerkent.net\/wp-content\/uploads\/2025\/12\/kemk3-1.jpg\" alt=\"\" class=\"wp-image-219\" srcset=\"https:\/\/kemerkent.net\/wp-content\/uploads\/2025\/12\/kemk3-1.jpg 900w, https:\/\/kemerkent.net\/wp-content\/uploads\/2025\/12\/kemk3-1-300x221.jpg 300w, https:\/\/kemerkent.net\/wp-content\/uploads\/2025\/12\/kemk3-1-768x565.jpg 768w\" sizes=\"auto, (max-width: 900px) 100vw, 900px\" \/><\/figure>\n\n\n\n<p>Genel kurulda, kul\u00fcp \u00fcyeleri ve teknik ekipler, bug\u00fcne kadar sa\u011flanan ba\u015far\u0131lar\u0131n \u00f6zverili \u00e7al\u0131\u015fmalar sayesinde m\u00fcmk\u00fcn oldu\u011funu vurgulad\u0131. Yeni d\u00f6nemde gen\u00e7 sporcular\u0131n desteklenmesi, uluslararas\u0131 organizasyonlar\u0131n art\u0131r\u0131lmas\u0131 ve Kemer\u2019in spor turizmi markas\u0131n\u0131n g\u00fc\u00e7lendirilmesi hedefleri \u00f6ne \u00e7\u0131kt\u0131.<\/p>\n\n\n\n<p>Ba\u015fkan Semih \u00d6zdemir, \u00fcyeler ve payda\u015flara te\u015fekk\u00fcr ederek, \u201c\u00dclkemize, Kemer\u2019e ve motosiklet sporuna de\u011fer katma hedefimizden \u00f6d\u00fcn vermeden, ayn\u0131 inan\u00e7 ve kararl\u0131l\u0131kla yolumuza devam edece\u011fiz\u201d mesaj\u0131n\u0131 verdi.<\/p>\n\n\n\n<figure class=\"wp-block-image size-full\"><img loading=\"lazy\" decoding=\"async\" width=\"900\" height=\"600\" src=\"https:\/\/kemerkent.net\/wp-content\/uploads\/2025\/12\/kemk4-1.jpg\" alt=\"\" class=\"wp-image-220\" srcset=\"https:\/\/kemerkent.net\/wp-content\/uploads\/2025\/12\/kemk4-1.jpg 900w, https:\/\/kemerkent.net\/wp-content\/uploads\/2025\/12\/kemk4-1-300x200.jpg 300w, https:\/\/kemerkent.net\/wp-content\/uploads\/2025\/12\/kemk4-1-768x512.jpg 768w\" sizes=\"auto, (max-width: 900px) 100vw, 900px\" \/><\/figure>\n\n\n\n<p>Kul\u00fcp, yeni d\u00f6nemde de T\u00fcrk motosiklet sporunu uluslararas\u0131 platformlarda en iyi \u015fekilde temsil etmeye ve Kemer\u2019in spor turizmi alan\u0131ndaki \u00f6nc\u00fcl\u00fc\u011f\u00fcn\u00fc s\u00fcrd\u00fcrmeye devam edecek.<\/p>\n","protected":false},"excerpt":{"rendered":"<p>Kemer Enduro Motosiklet Spor Kul\u00fcb\u00fc\u2019n\u00fcn 7. Ola\u011fan Genel Kurulu, 20 Aral\u0131k 2025 tarihinde Kemer Uygulama&#8230;<\/p>\n","protected":false},"author":1,"featured_media":214,"comment_status":"open","ping_status":"open","sticky":false,"template":"","format":"standard","meta":{"footnotes":""},"categories":[1],"tags":[],"class_list":["post-213","post","type-post","status-publish","format-standard","has-post-thumbnail","hentry","category-uncategorized"],"_links":{"self":[{"href":"https:\/\/kemerkent.net\/index.php?rest_route=\/wp\/v2\/posts\/213","targetHints":{"allow":["GET"]}}],"collection":[{"href":"https:\/\/kemerkent.net\/index.php?rest_route=\/wp\/v2\/posts"}],"about":[{"href":"https:\/\/kemerkent.net\/index.php?rest_route=\/wp\/v2\/types\/post"}],"author":[{"embeddable":true,"href":"https:\/\/kemerkent.net\/index.php?rest_route=\/wp\/v2\/users\/1"}],"replies":[{"embeddable":true,"href":"https:\/\/kemerkent.net\/index.php?rest_route=%2Fwp%2Fv2%2Fcomments&post=213"}],"version-history":[{"count":1,"href":"https:\/\/kemerkent.net\/index.php?rest_route=\/wp\/v2\/posts\/213\/revisions"}],"predecessor-version":[{"id":221,"href":"https:\/\/kemerkent.net\/index.php?rest_route=\/wp\/v2\/posts\/213\/revisions\/221"}],"wp:featuredmedia":[{"embeddable":true,"href":"https:\/\/kemerkent.net\/index.php?rest_route=\/wp\/v2\/media\/214"}],"wp:attachment":[{"href":"https:\/\/kemerkent.net\/index.php?rest_route=%2Fwp%2Fv2%2Fmedia&parent=213"}],"wp:term":[{"taxonomy":"category","embeddable":true,"href":"https:\/\/kemerkent.net\/index.php?rest_route=%2Fwp%2Fv2%2Fcategories&post=213"},{"taxonomy":"post_tag","embeddable":true,"href":"https:\/\/kemerkent.net\/index.php?rest_route=%2Fwp%2Fv2%2Ftags&post=213"}],"curies":[{"name":"wp","href":"https:\/\/api.w.org\/{rel}","templated":true}]}}