{"id":208,"date":"2025-12-21T12:29:42","date_gmt":"2025-12-21T12:29:42","guid":{"rendered":"https:\/\/kemerkent.net\/?p=208"},"modified":"2025-12-21T12:29:42","modified_gmt":"2025-12-21T12:29:42","slug":"kemerde-26-is-dunyasi-zirvesi-sonrasi-degerlendirme-toplantisi-yapildi","status":"publish","type":"post","link":"https:\/\/kemerkent.net\/?p=208","title":{"rendered":"KEMER\u2019DE 26. \u0130\u015e D\u00dcNYASI Z\u0130RVES\u0130 SONRASI DE\u011eERLEND\u0130RME TOPLANTISI YAPILDI"},"content":{"rendered":"\n<p>T\u00fcrk \u0130\u015f D\u00fcnyas\u0131 Konfederasyonu (T\u00dcRKONFED) taraf\u0131ndan d\u00fczenlenen 26. \u0130\u015f D\u00fcnyas\u0131 Zirvesinin ard\u0131ndan, zirvenin genel \u00e7\u0131kt\u0131lar\u0131n\u0131n ele al\u0131nd\u0131\u011f\u0131 de\u011ferlendirme toplant\u0131s\u0131 Kemer\u2019de ger\u00e7ekle\u015ftirildi. Turizmci ve \u0130\u015f \u0130nsanlar\u0131 Derne\u011fi (KEM\u0130AD) giri\u015fimleri ve Bat\u0131 Akdeniz Sanayici ve \u0130\u015f D\u00fcnyas\u0131 Federasyonu (BAKS\u0130FED) ev sahipli\u011finde d\u00fczenlenen toplant\u0131, Kemer Akra Otel\u2019de yap\u0131ld\u0131.<\/p>\n\n\n\n<p>Toplant\u0131ya Kemer Kaymakam\u0131 Ahmet Solmaz da kat\u0131ld\u0131. Kaymakam Solmaz, yapt\u0131\u011f\u0131 konu\u015fmada 26. \u0130\u015f D\u00fcnyas\u0131 Zirvesi\u2019nin Kemer\u2019in marka de\u011ferine ve kentin ulusal \u00f6l\u00e7ekte tan\u0131t\u0131m\u0131na \u00f6nemli katk\u0131lar sundu\u011funu belirterek, bu t\u00fcr organizasyonlar\u0131n Kemer\u2019in g\u00f6r\u00fcn\u00fcrl\u00fc\u011f\u00fcn\u00fc art\u0131rd\u0131\u011f\u0131n\u0131 vurgulad\u0131. \u0130\u015f d\u00fcnyas\u0131 ile turizm sekt\u00f6r\u00fcn\u00fc bir araya getiren zirvelerin uzun vadede yeni i\u015f birlikleri ve f\u0131rsatlar olu\u015fturdu\u011funu ifade eden Solmaz, organizasyonda eme\u011fi ge\u00e7en t\u00fcm payda\u015flara te\u015fekk\u00fcr etti.<\/p>\n\n\n\n<figure class=\"wp-block-image size-large\"><img loading=\"lazy\" decoding=\"async\" width=\"1024\" height=\"683\" src=\"https:\/\/kemerkent.net\/wp-content\/uploads\/2025\/12\/baks1-1024x683.jpg\" alt=\"\" class=\"wp-image-209\" srcset=\"https:\/\/kemerkent.net\/wp-content\/uploads\/2025\/12\/baks1-1024x683.jpg 1024w, https:\/\/kemerkent.net\/wp-content\/uploads\/2025\/12\/baks1-300x200.jpg 300w, https:\/\/kemerkent.net\/wp-content\/uploads\/2025\/12\/baks1-768x512.jpg 768w, https:\/\/kemerkent.net\/wp-content\/uploads\/2025\/12\/baks1.jpg 1200w\" sizes=\"auto, (max-width: 1024px) 100vw, 1024px\" \/><\/figure>\n\n\n\n<p>De\u011ferlendirme toplant\u0131s\u0131nda; zirve kapsam\u0131nda ger\u00e7ekle\u015ftirilen sosyal etkinlikler, yapay zek\u00e2 destekli i\u015f g\u00f6r\u00fc\u015fmeleri ve i\u015f d\u00fcnyas\u0131ndaki g\u00fcncel geli\u015fmeler masaya yat\u0131r\u0131ld\u0131. Program, zirvede \u00f6ne \u00e7\u0131kan anlar\u0131n yer ald\u0131\u011f\u0131 sinevizyon g\u00f6sterimiyle sona erdi.<\/p>\n","protected":false},"excerpt":{"rendered":"<p>T\u00fcrk \u0130\u015f D\u00fcnyas\u0131 Konfederasyonu (T\u00dcRKONFED) taraf\u0131ndan d\u00fczenlenen 26. \u0130\u015f D\u00fcnyas\u0131 Zirvesinin ard\u0131ndan, zirvenin genel \u00e7\u0131kt\u0131lar\u0131n\u0131n&#8230;<\/p>\n","protected":false},"author":1,"featured_media":211,"comment_status":"open","ping_status":"open","sticky":false,"template":"","format":"standard","meta":{"footnotes":""},"categories":[1,2],"tags":[],"class_list":["post-208","post","type-post","status-publish","format-standard","has-post-thumbnail","hentry","category-uncategorized","category-turizm"],"_links":{"self":[{"href":"https:\/\/kemerkent.net\/index.php?rest_route=\/wp\/v2\/posts\/208","targetHints":{"allow":["GET"]}}],"collection":[{"href":"https:\/\/kemerkent.net\/index.php?rest_route=\/wp\/v2\/posts"}],"about":[{"href":"https:\/\/kemerkent.net\/index.php?rest_route=\/wp\/v2\/types\/post"}],"author":[{"embeddable":true,"href":"https:\/\/kemerkent.net\/index.php?rest_route=\/wp\/v2\/users\/1"}],"replies":[{"embeddable":true,"href":"https:\/\/kemerkent.net\/index.php?rest_route=%2Fwp%2Fv2%2Fcomments&post=208"}],"version-history":[{"count":1,"href":"https:\/\/kemerkent.net\/index.php?rest_route=\/wp\/v2\/posts\/208\/revisions"}],"predecessor-version":[{"id":212,"href":"https:\/\/kemerkent.net\/index.php?rest_route=\/wp\/v2\/posts\/208\/revisions\/212"}],"wp:featuredmedia":[{"embeddable":true,"href":"https:\/\/kemerkent.net\/index.php?rest_route=\/wp\/v2\/media\/211"}],"wp:attachment":[{"href":"https:\/\/kemerkent.net\/index.php?rest_route=%2Fwp%2Fv2%2Fmedia&parent=208"}],"wp:term":[{"taxonomy":"category","embeddable":true,"href":"https:\/\/kemerkent.net\/index.php?rest_route=%2Fwp%2Fv2%2Fcategories&post=208"},{"taxonomy":"post_tag","embeddable":true,"href":"https:\/\/kemerkent.net\/index.php?rest_route=%2Fwp%2Fv2%2Ftags&post=208"}],"curies":[{"name":"wp","href":"https:\/\/api.w.org\/{rel}","templated":true}]}}