{"id":205,"date":"2025-12-21T12:18:41","date_gmt":"2025-12-21T12:18:41","guid":{"rendered":"https:\/\/kemerkent.net\/?p=205"},"modified":"2025-12-21T12:18:41","modified_gmt":"2025-12-21T12:18:41","slug":"kemerde-ogrencilere-cografi-isaretli-urunler-ve-su-verimliligi-egitimi","status":"publish","type":"post","link":"https:\/\/kemerkent.net\/?p=205","title":{"rendered":"KEMER\u2019DE \u00d6\u011eRENC\u0130LERE CO\u011eRAF\u0130 \u0130\u015eARETL\u0130 \u00dcR\u00dcNLER VE SU VER\u0130ML\u0130L\u0130\u011e\u0130 E\u011e\u0130T\u0130M\u0130"},"content":{"rendered":"\n<p>Antalya Valili\u011fi \u00f6nc\u00fcl\u00fc\u011f\u00fcnde y\u00fcr\u00fct\u00fclen \u201c<strong>Co\u011frafi \u0130\u015faretler Seferberli\u011fi<\/strong>\u201d kapsam\u0131nda, 12\u201318 Aral\u0131k Yerli Mal\u0131 Haftas\u0131 etkinlikleri \u00e7er\u00e7evesinde Kemer\u2019de \u00f6\u011frencilere y\u00f6nelik bilgilendirme \u00e7al\u0131\u015fmalar\u0131 ger\u00e7ekle\u015ftirildi.<\/p>\n\n\n\n<p>Bu y\u0131l \u201c<strong>Co\u011frafi \u0130\u015faretli \u00dcr\u00fcnler ve Antalya\u2019n\u0131n Yerel De\u011ferleri<\/strong>\u201d temas\u0131yla d\u00fczenlenen etkinlikler do\u011frultusunda, Kemer Kaymakaml\u0131\u011f\u0131 \u0130l\u00e7e Tar\u0131m ve Orman M\u00fcd\u00fcrl\u00fc\u011f\u00fc taraf\u0131ndan Tekirova Halit Narin Ortaokulu\u2019nda e\u011fitim program\u0131 d\u00fczenlendi. E\u011fitimlerde \u00f6\u011frencilere; co\u011frafi i\u015faret kavram\u0131, men\u015fe ve mahre\u00e7 i\u015faretleri, Antalya\u2019ya ait tescilli co\u011frafi i\u015faretli \u00fcr\u00fcnler ile tescil ba\u015fvurusu yap\u0131lm\u0131\u015f \u00fcr\u00fcnler hakk\u0131nda bilgi verildi.<\/p>\n\n\n\n<p>Program kapsam\u0131nda ayr\u0131ca Tar\u0131m ve Orman Bakanl\u0131\u011f\u0131 taraf\u0131ndan y\u00fcr\u00fct\u00fclen \u201cSu Verimlili\u011fi Seferberli\u011fi\u201d \u00e7er\u00e7evesinde suyun \u00f6nemi, su verimlili\u011fi ve tasarrufu konular\u0131nda teknik personel taraf\u0131ndan e\u011fitimler sunuldu. Sunum ve g\u00f6rseller e\u015fli\u011finde yap\u0131lan anlat\u0131mlarda, suyun verimli kullan\u0131m\u0131, su israf\u0131n\u0131n \u00f6nlenmesi ve bireysel olarak al\u0131nabilecek tasarruf \u00f6nlemleri ele al\u0131n\u0131rken, k\u00fcresel \u0131s\u0131nma ve iklim de\u011fi\u015fikli\u011finin kurakl\u0131k \u00fczerindeki etkilerine de dikkat \u00e7ekildi.<\/p>\n\n\n\n<p>Ger\u00e7ekle\u015ftirilen e\u011fitimlerle \u00f6\u011frencilerde; <strong>yerel ve tar\u0131msal de\u011ferlere sahip \u00e7\u0131kma, su kaynaklar\u0131n\u0131 koruma ve bilin\u00e7li kullan\u0131m fark\u0131ndal\u0131\u011f\u0131n\u0131n art\u0131r\u0131lmas\u0131 <\/strong>hedeflendi. Kemer \u0130l\u00e7e Tar\u0131m ve Orman M\u00fcd\u00fcrl\u00fc\u011f\u00fc yetkilileri, benzer bilgilendirme ve e\u011fitim faaliyetlerinin \u00f6n\u00fcm\u00fczdeki d\u00f6nemlerde de devam edece\u011fini bildirdi.<\/p>\n","protected":false},"excerpt":{"rendered":"<p>Antalya Valili\u011fi \u00f6nc\u00fcl\u00fc\u011f\u00fcnde y\u00fcr\u00fct\u00fclen \u201cCo\u011frafi \u0130\u015faretler Seferberli\u011fi\u201d kapsam\u0131nda, 12\u201318 Aral\u0131k Yerli Mal\u0131 Haftas\u0131 etkinlikleri \u00e7er\u00e7evesinde&#8230;<\/p>\n","protected":false},"author":1,"featured_media":206,"comment_status":"open","ping_status":"open","sticky":false,"template":"","format":"standard","meta":{"footnotes":""},"categories":[1],"tags":[],"class_list":["post-205","post","type-post","status-publish","format-standard","has-post-thumbnail","hentry","category-uncategorized"],"_links":{"self":[{"href":"https:\/\/kemerkent.net\/index.php?rest_route=\/wp\/v2\/posts\/205","targetHints":{"allow":["GET"]}}],"collection":[{"href":"https:\/\/kemerkent.net\/index.php?rest_route=\/wp\/v2\/posts"}],"about":[{"href":"https:\/\/kemerkent.net\/index.php?rest_route=\/wp\/v2\/types\/post"}],"author":[{"embeddable":true,"href":"https:\/\/kemerkent.net\/index.php?rest_route=\/wp\/v2\/users\/1"}],"replies":[{"embeddable":true,"href":"https:\/\/kemerkent.net\/index.php?rest_route=%2Fwp%2Fv2%2Fcomments&post=205"}],"version-history":[{"count":1,"href":"https:\/\/kemerkent.net\/index.php?rest_route=\/wp\/v2\/posts\/205\/revisions"}],"predecessor-version":[{"id":207,"href":"https:\/\/kemerkent.net\/index.php?rest_route=\/wp\/v2\/posts\/205\/revisions\/207"}],"wp:featuredmedia":[{"embeddable":true,"href":"https:\/\/kemerkent.net\/index.php?rest_route=\/wp\/v2\/media\/206"}],"wp:attachment":[{"href":"https:\/\/kemerkent.net\/index.php?rest_route=%2Fwp%2Fv2%2Fmedia&parent=205"}],"wp:term":[{"taxonomy":"category","embeddable":true,"href":"https:\/\/kemerkent.net\/index.php?rest_route=%2Fwp%2Fv2%2Fcategories&post=205"},{"taxonomy":"post_tag","embeddable":true,"href":"https:\/\/kemerkent.net\/index.php?rest_route=%2Fwp%2Fv2%2Ftags&post=205"}],"curies":[{"name":"wp","href":"https:\/\/api.w.org\/{rel}","templated":true}]}}