{"id":201,"date":"2025-12-21T12:04:38","date_gmt":"2025-12-21T12:04:38","guid":{"rendered":"https:\/\/kemerkent.net\/?p=201"},"modified":"2025-12-21T12:04:39","modified_gmt":"2025-12-21T12:04:39","slug":"aras-uras-antalyaspor-akademisine-transfer-oldu","status":"publish","type":"post","link":"https:\/\/kemerkent.net\/?p=201","title":{"rendered":"ARAS \u00dcRAS, ANTALYASPOR AKADEM\u0130S\u0130&#8217;NE TRANSFER OLDU"},"content":{"rendered":"\n<p>Kemer&#8217;de Spor K\u00fclt\u00fcr\u00fcn, Yetene\u011fin Gelece\u011fin Olsun Projesi Kapsam\u0131nda Bir Ba\u015far\u0131 Hik\u00e2yesi Daha!<\/p>\n\n\n\n<p>Kemer Halk E\u011fitimi Merkezi M\u00fcd\u00fcrl\u00fc\u011f\u00fc b\u00fcnyesinde y\u00fcr\u00fct\u00fclen \u201cSpor K\u00fclt\u00fcr\u00fcn, Yetene\u011fin Gelece\u011fin Olsun\u201d projesi kapsam\u0131nda e\u011fitim alan, Tekirova 9\u201311 ya\u015f futbol kursu aktif \u00f6\u011frencilerinden Aras \u00dcras, g\u00f6sterdi\u011fi ba\u015far\u0131l\u0131 performans sonucu Antalyaspor Akademisi\u2019ne transfer oldu.<\/p>\n\n\n\n<figure class=\"wp-block-image size-full\"><img loading=\"lazy\" decoding=\"async\" width=\"900\" height=\"789\" src=\"https:\/\/kemerkent.net\/wp-content\/uploads\/2025\/12\/ARASuRAS2.jpg\" alt=\"\" class=\"wp-image-202\" srcset=\"https:\/\/kemerkent.net\/wp-content\/uploads\/2025\/12\/ARASuRAS2.jpg 900w, https:\/\/kemerkent.net\/wp-content\/uploads\/2025\/12\/ARASuRAS2-300x263.jpg 300w, https:\/\/kemerkent.net\/wp-content\/uploads\/2025\/12\/ARASuRAS2-768x673.jpg 768w\" sizes=\"auto, (max-width: 900px) 100vw, 900px\" \/><\/figure>\n\n\n\n<p><strong>Konu ile ilgili olarak Kemer Kaymakaml\u0131\u011f\u0131&#8217;ndan yap\u0131lan a\u00e7\u0131klama \u015f\u00f6yle:<\/strong><\/p>\n\n\n\n<p>&#8220;Bu gurur verici geli\u015fme, projemizin \u00e7ocuklar\u0131m\u0131z\u0131n sportif yeteneklerini ke\u015ffetme ve do\u011fru y\u00f6nlendirme hedefinin somut bir g\u00f6stergesidir.<br>Sporcumuz Aras \u00dcras\u2019\u0131 tebrik eder, ba\u015far\u0131lar\u0131n\u0131n devam\u0131n\u0131 dileriz.<br>Bu ba\u015far\u0131da eme\u011fi ge\u00e7en ailesine ve antren\u00f6rlerimize ayr\u0131ca te\u015fekk\u00fcr ederiz.<br>Kemer\u2019de gen\u00e7lerimizin ba\u015far\u0131 hik\u00e2yeleri \u00e7o\u011fal\u0131rken, sporun ve k\u00fclt\u00fcr\u00fcn ula\u015fmad\u0131\u011f\u0131 kimse kalmayana kadar projemiz kapsam\u0131nda \u00e7al\u0131\u015fmalar\u0131m\u0131za devam edece\u011fiz.&#8221;<\/p>\n\n\n\n<p><\/p>\n","protected":false},"excerpt":{"rendered":"<p>Kemer&#8217;de Spor K\u00fclt\u00fcr\u00fcn, Yetene\u011fin Gelece\u011fin Olsun Projesi Kapsam\u0131nda Bir Ba\u015far\u0131 Hik\u00e2yesi Daha! Kemer Halk E\u011fitimi&#8230;<\/p>\n","protected":false},"author":1,"featured_media":203,"comment_status":"open","ping_status":"open","sticky":false,"template":"","format":"standard","meta":{"footnotes":""},"categories":[4,3],"tags":[],"class_list":["post-201","post","type-post","status-publish","format-standard","has-post-thumbnail","hentry","category-egitim","category-spor"],"_links":{"self":[{"href":"https:\/\/kemerkent.net\/index.php?rest_route=\/wp\/v2\/posts\/201","targetHints":{"allow":["GET"]}}],"collection":[{"href":"https:\/\/kemerkent.net\/index.php?rest_route=\/wp\/v2\/posts"}],"about":[{"href":"https:\/\/kemerkent.net\/index.php?rest_route=\/wp\/v2\/types\/post"}],"author":[{"embeddable":true,"href":"https:\/\/kemerkent.net\/index.php?rest_route=\/wp\/v2\/users\/1"}],"replies":[{"embeddable":true,"href":"https:\/\/kemerkent.net\/index.php?rest_route=%2Fwp%2Fv2%2Fcomments&post=201"}],"version-history":[{"count":1,"href":"https:\/\/kemerkent.net\/index.php?rest_route=\/wp\/v2\/posts\/201\/revisions"}],"predecessor-version":[{"id":204,"href":"https:\/\/kemerkent.net\/index.php?rest_route=\/wp\/v2\/posts\/201\/revisions\/204"}],"wp:featuredmedia":[{"embeddable":true,"href":"https:\/\/kemerkent.net\/index.php?rest_route=\/wp\/v2\/media\/203"}],"wp:attachment":[{"href":"https:\/\/kemerkent.net\/index.php?rest_route=%2Fwp%2Fv2%2Fmedia&parent=201"}],"wp:term":[{"taxonomy":"category","embeddable":true,"href":"https:\/\/kemerkent.net\/index.php?rest_route=%2Fwp%2Fv2%2Fcategories&post=201"},{"taxonomy":"post_tag","embeddable":true,"href":"https:\/\/kemerkent.net\/index.php?rest_route=%2Fwp%2Fv2%2Ftags&post=201"}],"curies":[{"name":"wp","href":"https:\/\/api.w.org\/{rel}","templated":true}]}}