{"id":193,"date":"2025-12-21T11:52:42","date_gmt":"2025-12-21T11:52:42","guid":{"rendered":"https:\/\/kemerkent.net\/?p=193"},"modified":"2025-12-21T11:52:42","modified_gmt":"2025-12-21T11:52:42","slug":"anahtar-parti-kemerde-ramazan-kal-guven-tazeledi","status":"publish","type":"post","link":"https:\/\/kemerkent.net\/?p=193","title":{"rendered":"ANAHTAR PART\u0130 KEMER&#8217;DE RAMAZAN KAL G\u00dcVEN TAZELED\u0130"},"content":{"rendered":"\n<p><strong>Anahtar Parti Kemer \u0130l\u00e7e Ba\u015fkanl\u0131\u011f\u0131 1. Ola\u011fan Kongresi<\/strong>, genel merkez y\u00f6neticileri ile il ve il\u00e7e te\u015fkilatlar\u0131n\u0131n yo\u011fun kat\u0131l\u0131m\u0131yla Kemer\u2019de d\u00fczenlendi. Co\u015fkulu bir atmosferde ge\u00e7en kongrede, partinin yerel ve genel politikalar\u0131 ile Kemer ve Antalya\u2019ya y\u00f6nelik hedefleri payla\u015f\u0131ld\u0131.<\/p>\n\n\n\n<figure class=\"wp-block-image size-full\"><img loading=\"lazy\" decoding=\"async\" width=\"966\" height=\"874\" src=\"https:\/\/kemerkent.net\/wp-content\/uploads\/2025\/12\/anahtark3.jpg\" alt=\"\" class=\"wp-image-196\" srcset=\"https:\/\/kemerkent.net\/wp-content\/uploads\/2025\/12\/anahtark3.jpg 966w, https:\/\/kemerkent.net\/wp-content\/uploads\/2025\/12\/anahtark3-300x271.jpg 300w, https:\/\/kemerkent.net\/wp-content\/uploads\/2025\/12\/anahtark3-768x695.jpg 768w\" sizes=\"auto, (max-width: 966px) 100vw, 966px\" \/><\/figure>\n\n\n\n<figure class=\"wp-block-image size-large\"><img loading=\"lazy\" decoding=\"async\" width=\"1024\" height=\"670\" src=\"https:\/\/kemerkent.net\/wp-content\/uploads\/2025\/12\/anahtark2-1024x670.jpg\" alt=\"\" class=\"wp-image-195\" srcset=\"https:\/\/kemerkent.net\/wp-content\/uploads\/2025\/12\/anahtark2-1024x670.jpg 1024w, https:\/\/kemerkent.net\/wp-content\/uploads\/2025\/12\/anahtark2-300x196.jpg 300w, https:\/\/kemerkent.net\/wp-content\/uploads\/2025\/12\/anahtark2-768x503.jpg 768w, https:\/\/kemerkent.net\/wp-content\/uploads\/2025\/12\/anahtark2.jpg 1439w\" sizes=\"auto, (max-width: 1024px) 100vw, 1024px\" \/><\/figure>\n\n\n\n<p>Kongreye; Genel Ba\u015fkan Yard\u0131mc\u0131s\u0131 ve K\u00fclt\u00fcr, Sanat ve Turizm Politikalar\u0131 Ba\u015fkan\u0131 Muhammed Hakan Tanr\u0131\u00f6ver, Te\u015fkilat Ba\u015fkan Yard\u0131mc\u0131s\u0131 ve MYK \u00dcyesi Ali \u00c7elik, Antalya \u0130l Ba\u015fkan\u0131 Mustafa G\u00fcne\u015f, il ve il\u00e7e y\u00f6neticileri ile \u00e7ok say\u0131da partili kat\u0131ld\u0131. Yap\u0131lan konu\u015fmalarda te\u015fkilat yap\u0131s\u0131n\u0131n g\u00fc\u00e7lendirilmesi, saha \u00e7al\u0131\u015fmalar\u0131n\u0131n art\u0131r\u0131lmas\u0131 ve vatanda\u015flarla daha yak\u0131n ileti\u015fim kurulmas\u0131n\u0131n \u00f6nemi vurguland\u0131. Ayr\u0131ca yerel y\u00f6netimlerle i\u015f birli\u011fi i\u00e7inde hareket edilerek Kemer\u2019in sosyal, k\u00fclt\u00fcrel ve turizm alanlar\u0131nda geli\u015fimine katk\u0131 sa\u011flanaca\u011f\u0131 ifade edildi.<\/p>\n\n\n\n<figure class=\"wp-block-image size-large\"><img loading=\"lazy\" decoding=\"async\" width=\"1024\" height=\"668\" src=\"https:\/\/kemerkent.net\/wp-content\/uploads\/2025\/12\/anahtark5-1024x668.jpg\" alt=\"\" class=\"wp-image-198\" srcset=\"https:\/\/kemerkent.net\/wp-content\/uploads\/2025\/12\/anahtark5-1024x668.jpg 1024w, https:\/\/kemerkent.net\/wp-content\/uploads\/2025\/12\/anahtark5-300x196.jpg 300w, https:\/\/kemerkent.net\/wp-content\/uploads\/2025\/12\/anahtark5-768x501.jpg 768w, https:\/\/kemerkent.net\/wp-content\/uploads\/2025\/12\/anahtark5.jpg 1412w\" sizes=\"auto, (max-width: 1024px) 100vw, 1024px\" \/><\/figure>\n\n\n\n<figure class=\"wp-block-image size-large\"><img loading=\"lazy\" decoding=\"async\" width=\"1024\" height=\"666\" src=\"https:\/\/kemerkent.net\/wp-content\/uploads\/2025\/12\/anahtark4-1024x666.jpg\" alt=\"\" class=\"wp-image-197\" srcset=\"https:\/\/kemerkent.net\/wp-content\/uploads\/2025\/12\/anahtark4-1024x666.jpg 1024w, https:\/\/kemerkent.net\/wp-content\/uploads\/2025\/12\/anahtark4-300x195.jpg 300w, https:\/\/kemerkent.net\/wp-content\/uploads\/2025\/12\/anahtark4-768x499.jpg 768w, https:\/\/kemerkent.net\/wp-content\/uploads\/2025\/12\/anahtark4.jpg 1200w\" sizes=\"auto, (max-width: 1024px) 100vw, 1024px\" \/><\/figure>\n\n\n\n<p><strong>Kongrede ger\u00e7ekle\u015ftirilen se\u00e7imler sonucunda Ramazan Kal<\/strong>, Anahtar Parti Kemer \u0130l\u00e7e Ba\u015fkan\u0131 olarak se\u00e7ildi. Parti yetkilileri, Kal ve yeni y\u00f6netim kuruluna g\u00f6revlerinde ba\u015far\u0131lar diledi.<\/p>\n","protected":false},"excerpt":{"rendered":"<p>Anahtar Parti Kemer \u0130l\u00e7e Ba\u015fkanl\u0131\u011f\u0131 1. Ola\u011fan Kongresi, genel merkez y\u00f6neticileri ile il ve il\u00e7e&#8230;<\/p>\n","protected":false},"author":1,"featured_media":194,"comment_status":"open","ping_status":"open","sticky":false,"template":"","format":"standard","meta":{"footnotes":""},"categories":[1],"tags":[],"class_list":["post-193","post","type-post","status-publish","format-standard","has-post-thumbnail","hentry","category-uncategorized"],"_links":{"self":[{"href":"https:\/\/kemerkent.net\/index.php?rest_route=\/wp\/v2\/posts\/193","targetHints":{"allow":["GET"]}}],"collection":[{"href":"https:\/\/kemerkent.net\/index.php?rest_route=\/wp\/v2\/posts"}],"about":[{"href":"https:\/\/kemerkent.net\/index.php?rest_route=\/wp\/v2\/types\/post"}],"author":[{"embeddable":true,"href":"https:\/\/kemerkent.net\/index.php?rest_route=\/wp\/v2\/users\/1"}],"replies":[{"embeddable":true,"href":"https:\/\/kemerkent.net\/index.php?rest_route=%2Fwp%2Fv2%2Fcomments&post=193"}],"version-history":[{"count":1,"href":"https:\/\/kemerkent.net\/index.php?rest_route=\/wp\/v2\/posts\/193\/revisions"}],"predecessor-version":[{"id":199,"href":"https:\/\/kemerkent.net\/index.php?rest_route=\/wp\/v2\/posts\/193\/revisions\/199"}],"wp:featuredmedia":[{"embeddable":true,"href":"https:\/\/kemerkent.net\/index.php?rest_route=\/wp\/v2\/media\/194"}],"wp:attachment":[{"href":"https:\/\/kemerkent.net\/index.php?rest_route=%2Fwp%2Fv2%2Fmedia&parent=193"}],"wp:term":[{"taxonomy":"category","embeddable":true,"href":"https:\/\/kemerkent.net\/index.php?rest_route=%2Fwp%2Fv2%2Fcategories&post=193"},{"taxonomy":"post_tag","embeddable":true,"href":"https:\/\/kemerkent.net\/index.php?rest_route=%2Fwp%2Fv2%2Ftags&post=193"}],"curies":[{"name":"wp","href":"https:\/\/api.w.org\/{rel}","templated":true}]}}