{"id":190,"date":"2025-12-21T11:40:23","date_gmt":"2025-12-21T11:40:23","guid":{"rendered":"https:\/\/kemerkent.net\/?p=190"},"modified":"2025-12-21T11:40:23","modified_gmt":"2025-12-21T11:40:23","slug":"ozdag-zafer-partisi-kemer-ilce-baskanligi-acilisina-katildi","status":"publish","type":"post","link":"https:\/\/kemerkent.net\/?p=190","title":{"rendered":"\u00d6ZDA\u011e, ZAFER PART\u0130S\u0130 KEMER \u0130L\u00c7E BA\u015eKANLI\u011eI A\u00c7ILI\u015eINA KATILDI"},"content":{"rendered":"\n<p>Zafer Partisi Genel Ba\u015fkan\u0131 Prof. Dr. \u00dcmit \u00d6zda\u011f, Zafer Partisi Kemer \u0130l\u00e7e Ba\u015fkanl\u0131\u011f\u0131\u2019n\u0131n a\u00e7\u0131l\u0131\u015f t\u00f6renine kat\u0131ld\u0131. Kemer\u2019de d\u00fczenlenen program, partililer ve vatanda\u015flar\u0131n yo\u011fun ilgisiyle co\u015fkulu bir atmosferde ger\u00e7ekle\u015fti.<\/p>\n\n\n\n<p>\u0130l\u00e7e binas\u0131 \u00f6n\u00fcnde davul-zurna e\u015fli\u011finde kar\u015f\u0131lanan \u00d6zda\u011f, parti y\u00f6neticileriyle birlikte a\u00e7\u0131l\u0131\u015f kurdelesini kesti. T\u00f6rende konu\u015fan \u00d6zda\u011f, Zafer Partisi\u2019nin T\u00fcrkiye genelinde h\u0131zla te\u015fkilatland\u0131\u011f\u0131n\u0131 vurgulayarak, yerelde g\u00fc\u00e7l\u00fc \u00f6rg\u00fctlenmenin \u00f6nemine dikkat \u00e7ekti ve partinin milli duru\u015funu \u00f6ne \u00e7\u0131kard\u0131.<\/p>\n\n\n\n<p>A\u00e7\u0131l\u0131\u015fa Kemer \u0130l\u00e7e Ba\u015fkan\u0131 Ahmet Temiz, il ve il\u00e7e y\u00f6neticileri ile \u00e7ok say\u0131da partili kat\u0131ld\u0131. Program, konu\u015fmalar\u0131n ard\u0131ndan hat\u0131ra foto\u011fraf\u0131 \u00e7ekimiyle sona erdi.<\/p>\n","protected":false},"excerpt":{"rendered":"<p>Zafer Partisi Genel Ba\u015fkan\u0131 Prof. Dr. \u00dcmit \u00d6zda\u011f, Zafer Partisi Kemer \u0130l\u00e7e Ba\u015fkanl\u0131\u011f\u0131\u2019n\u0131n a\u00e7\u0131l\u0131\u015f t\u00f6renine&#8230;<\/p>\n","protected":false},"author":1,"featured_media":191,"comment_status":"open","ping_status":"open","sticky":false,"template":"","format":"standard","meta":{"footnotes":""},"categories":[1],"tags":[],"class_list":["post-190","post","type-post","status-publish","format-standard","has-post-thumbnail","hentry","category-uncategorized"],"_links":{"self":[{"href":"https:\/\/kemerkent.net\/index.php?rest_route=\/wp\/v2\/posts\/190","targetHints":{"allow":["GET"]}}],"collection":[{"href":"https:\/\/kemerkent.net\/index.php?rest_route=\/wp\/v2\/posts"}],"about":[{"href":"https:\/\/kemerkent.net\/index.php?rest_route=\/wp\/v2\/types\/post"}],"author":[{"embeddable":true,"href":"https:\/\/kemerkent.net\/index.php?rest_route=\/wp\/v2\/users\/1"}],"replies":[{"embeddable":true,"href":"https:\/\/kemerkent.net\/index.php?rest_route=%2Fwp%2Fv2%2Fcomments&post=190"}],"version-history":[{"count":1,"href":"https:\/\/kemerkent.net\/index.php?rest_route=\/wp\/v2\/posts\/190\/revisions"}],"predecessor-version":[{"id":192,"href":"https:\/\/kemerkent.net\/index.php?rest_route=\/wp\/v2\/posts\/190\/revisions\/192"}],"wp:featuredmedia":[{"embeddable":true,"href":"https:\/\/kemerkent.net\/index.php?rest_route=\/wp\/v2\/media\/191"}],"wp:attachment":[{"href":"https:\/\/kemerkent.net\/index.php?rest_route=%2Fwp%2Fv2%2Fmedia&parent=190"}],"wp:term":[{"taxonomy":"category","embeddable":true,"href":"https:\/\/kemerkent.net\/index.php?rest_route=%2Fwp%2Fv2%2Fcategories&post=190"},{"taxonomy":"post_tag","embeddable":true,"href":"https:\/\/kemerkent.net\/index.php?rest_route=%2Fwp%2Fv2%2Ftags&post=190"}],"curies":[{"name":"wp","href":"https:\/\/api.w.org\/{rel}","templated":true}]}}