{"id":1145,"date":"2026-05-01T09:37:50","date_gmt":"2026-05-01T09:37:50","guid":{"rendered":"https:\/\/kemerkent.net\/?p=1145"},"modified":"2026-05-01T09:37:50","modified_gmt":"2026-05-01T09:37:50","slug":"enerji-iscilerinden-antalyada-1-mayis-cikarmasi-hur-isci-konfederasyonu-hayirli-olsun","status":"publish","type":"post","link":"https:\/\/kemerkent.net\/?p=1145","title":{"rendered":"ENERJ\u0130 \u0130\u015e\u00c7\u0130LER\u0130NDEN ANTALYA\u2019DA 1 MAYIS \u00c7IKARMASI: &#8220;H\u00dcR \u0130\u015e\u00c7\u0130 KONFEDERASYONU HAYIRLI OLSUN&#8221;"},"content":{"rendered":"\n<p><strong>Antalya\u2019da 1 May\u0131s Emek ve Dayan\u0131\u015fma G\u00fcn\u00fc\u2019n\u00fc kutlayan Enerji \u0130\u015f\u00e7ileri Sendikas\u0131, Cumhuriyet Meydan\u0131\u2019nda d\u00fczenlenen t\u00f6renle eme\u011fin kutsall\u0131\u011f\u0131na vurgu yapt\u0131. Genel Ba\u015fkan Yard\u0131mc\u0131s\u0131 Cemal Soysal S\u00fcrmen, i\u015f\u00e7ilerin refah\u0131 i\u00e7in H\u00fcr \u0130\u015f\u00e7i Konfederasyonu\u2019nun kuruldu\u011funu m\u00fcjdeledi.<\/strong><\/p>\n\n\n\n<p>Enerji \u0130\u015f\u00e7ileri Sendikas\u0131, 1 May\u0131s Emek ve Dayan\u0131\u015fma G\u00fcn\u00fc dolay\u0131s\u0131yla Antalya Cumhuriyet Meydan\u0131\u2019nda anlaml\u0131 bir etkinlik d\u00fczenledi. Sendika Genel Ba\u015fkan Yard\u0131mc\u0131s\u0131 Cemal Soysal S\u00fcrmen, beraberindeki y\u00f6netim kurulu \u00fcyeleri ve i\u015f\u00e7ilerle birlikte Atat\u00fcrk An\u0131t\u0131\u2019na \u00e7elenk b\u0131rakarak sayg\u0131 duru\u015funda bulundu. T\u00f6renin ard\u0131ndan S\u00fcrmen, enerji i\u015f\u00e7ilerinin sorunlar\u0131n\u0131 ve sendikal vizyonlar\u0131n\u0131 i\u00e7eren kapsaml\u0131 bir a\u00e7\u0131klama yapt\u0131.<\/p>\n\n\n\n<p><strong>&#8220;Enerji \u0130\u015f\u00e7ileri \u00dclkenin G\u00f6r\u00fcnmeyen Kahramanlar\u0131d\u0131r&#8221;<\/strong><br>Enerji i\u015f\u00e7ilerinin hayat\u0131n kesintisiz devam etmesi i\u00e7in can\u0131 pahas\u0131na g\u00f6rev yapt\u0131\u011f\u0131n\u0131 belirten S\u00fcrmen, &#8220;Bir \u015fehir \u0131\u015f\u0131l \u0131\u015f\u0131l yan\u0131yorsa, bir fabrikada \u00fcretim s\u00fcr\u00fcyorsa bunun arkas\u0131nda sizin eme\u011finiz vard\u0131r. Sizler sadece bir mesle\u011fin de\u011fil, milletin gelece\u011finin teminat\u0131s\u0131n\u0131z. Enerji varsa hayat vard\u0131r, \u00fcretim vard\u0131r, ba\u011f\u0131ms\u0131zl\u0131k vard\u0131r&#8221; dedi. S\u00fcrmen ayr\u0131ca, i\u015f kazalar\u0131nda hayat\u0131n\u0131 kaybeden t\u00fcm i\u015f\u00e7i karde\u015flerini rahmetle anarken, 1 May\u0131s&#8217;\u0131 tatil ilan eden Cumhurba\u015fkan\u0131 Recep Tayyip Erdo\u011fan\u2019a da \u015f\u00fckranlar\u0131n\u0131 sundu.<\/p>\n\n\n\n<p><strong>Ekonomik Sorunlar ve &#8220;\u0130nsanca Ya\u015fam&#8221; Vurgusu<\/strong><br>\u00dclkede ya\u015fanan ekonomik s\u0131k\u0131nt\u0131lara ve enflasyonun al\u0131m g\u00fcc\u00fc \u00fczerindeki etkisine de\u011finen S\u00fcrmen, i\u015f\u00e7inin refah\u0131 y\u00fckselmeden \u00fcretimin kalitesinin artmayaca\u011f\u0131n\u0131 savundu. &#8220;\u0130\u015f\u00e7inin insanca ya\u015fayabilece\u011fi bir ya\u015fam standard\u0131na kavu\u015fmas\u0131 sadece bir hak de\u011fil, \u00fclkemiz i\u00e7in bir zorunluluktur&#8221; diyen S\u00fcrmen, sendika olarak her ko\u015fulda i\u015f\u00e7inin yan\u0131nda durmaya devam edeceklerini vurgulad\u0131.<\/p>\n\n\n\n<figure class=\"wp-block-image size-full\"><img loading=\"lazy\" decoding=\"async\" width=\"928\" height=\"917\" src=\"https:\/\/kemerkent.net\/wp-content\/uploads\/2026\/05\/ENERJI2.jpg\" alt=\"\" class=\"wp-image-1147\" srcset=\"https:\/\/kemerkent.net\/wp-content\/uploads\/2026\/05\/ENERJI2.jpg 928w, https:\/\/kemerkent.net\/wp-content\/uploads\/2026\/05\/ENERJI2-300x296.jpg 300w, https:\/\/kemerkent.net\/wp-content\/uploads\/2026\/05\/ENERJI2-768x759.jpg 768w\" sizes=\"auto, (max-width: 928px) 100vw, 928px\" \/><\/figure>\n\n\n\n<p><strong>Sendikal D\u00fczende Yeni D\u00f6nem: H\u00fcr \u0130\u015f\u00e7i Konfederasyonu<\/strong><br>Genel Ba\u015fkan Mahmud Altunsoy \u00f6nc\u00fcl\u00fc\u011f\u00fcnde 52 y\u0131ll\u0131k &#8220;tekelle\u015fmi\u015f&#8221; sendikal d\u00fczeni y\u0131kt\u0131klar\u0131n\u0131 ifade eden Cemal Soysal S\u00fcrmen, m\u00fccadelelerini bir \u00fcst seviyeye ta\u015f\u0131d\u0131klar\u0131n\u0131 \u015fu s\u00f6zlerle duyurdu:<\/p>\n\n\n\n<p>&#8220;\u0130\u015fkolumuzun ve t\u00fcm emek camias\u0131n\u0131n ya\u015fad\u0131\u011f\u0131 s\u0131k\u0131nt\u0131lar kar\u015f\u0131s\u0131nda &#8216;art\u0131k yeter&#8217; dedik ve haks\u0131zl\u0131\u011fa son vermek i\u00e7in hedefimizi b\u00fcy\u00fcterek H\u00dcR \u0130\u015e\u00c7\u0130 Konfederasyonu\u2019nu kurduk. Yeni konfederasyonumuzun t\u00fcm emek d\u00fcnyas\u0131na hay\u0131rl\u0131 olmas\u0131n\u0131 diliyoruz.&#8221;<\/p>\n\n\n\n<p><strong>Gazze\u2019deki \u0130nsanl\u0131k Dram\u0131na Selam<\/strong><br>1 May\u0131s\u2019\u0131 d\u00fcnyadaki sava\u015flar nedeniyle buruk kar\u015f\u0131lad\u0131klar\u0131n\u0131 belirten S\u00fcrmen, \u00f6zellikle Gazze\u2019de ya\u015fananlara tepki g\u00f6sterdi. S\u00fcrmen, &#8220;Gazze\u2019de ya\u015fanan soyk\u0131r\u0131m\u0131n bir an \u00f6nce son bulmas\u0131n\u0131 temenni ediyoruz. D\u00fcnyan\u0131n her yerinde emek kutsald\u0131r. Gazze\u2019de zor \u015fartlar alt\u0131nda hayat m\u00fccadelesi veren emek\u00e7i karde\u015flerimize selamlar\u0131m\u0131z\u0131 ve dayan\u0131\u015fma duygular\u0131m\u0131z\u0131 iletiyoruz&#8221; diyerek s\u00f6zlerini tamamlad\u0131.<\/p>\n","protected":false},"excerpt":{"rendered":"<p>Antalya\u2019da 1 May\u0131s Emek ve Dayan\u0131\u015fma G\u00fcn\u00fc\u2019n\u00fc kutlayan Enerji \u0130\u015f\u00e7ileri Sendikas\u0131, Cumhuriyet Meydan\u0131\u2019nda d\u00fczenlenen t\u00f6renle&#8230;<\/p>\n","protected":false},"author":1,"featured_media":1146,"comment_status":"open","ping_status":"open","sticky":false,"template":"","format":"standard","meta":{"footnotes":""},"categories":[1],"tags":[],"class_list":["post-1145","post","type-post","status-publish","format-standard","has-post-thumbnail","hentry","category-uncategorized"],"_links":{"self":[{"href":"https:\/\/kemerkent.net\/index.php?rest_route=\/wp\/v2\/posts\/1145","targetHints":{"allow":["GET"]}}],"collection":[{"href":"https:\/\/kemerkent.net\/index.php?rest_route=\/wp\/v2\/posts"}],"about":[{"href":"https:\/\/kemerkent.net\/index.php?rest_route=\/wp\/v2\/types\/post"}],"author":[{"embeddable":true,"href":"https:\/\/kemerkent.net\/index.php?rest_route=\/wp\/v2\/users\/1"}],"replies":[{"embeddable":true,"href":"https:\/\/kemerkent.net\/index.php?rest_route=%2Fwp%2Fv2%2Fcomments&post=1145"}],"version-history":[{"count":1,"href":"https:\/\/kemerkent.net\/index.php?rest_route=\/wp\/v2\/posts\/1145\/revisions"}],"predecessor-version":[{"id":1148,"href":"https:\/\/kemerkent.net\/index.php?rest_route=\/wp\/v2\/posts\/1145\/revisions\/1148"}],"wp:featuredmedia":[{"embeddable":true,"href":"https:\/\/kemerkent.net\/index.php?rest_route=\/wp\/v2\/media\/1146"}],"wp:attachment":[{"href":"https:\/\/kemerkent.net\/index.php?rest_route=%2Fwp%2Fv2%2Fmedia&parent=1145"}],"wp:term":[{"taxonomy":"category","embeddable":true,"href":"https:\/\/kemerkent.net\/index.php?rest_route=%2Fwp%2Fv2%2Fcategories&post=1145"},{"taxonomy":"post_tag","embeddable":true,"href":"https:\/\/kemerkent.net\/index.php?rest_route=%2Fwp%2Fv2%2Ftags&post=1145"}],"curies":[{"name":"wp","href":"https:\/\/api.w.org\/{rel}","templated":true}]}}