{"id":1135,"date":"2026-04-28T16:14:12","date_gmt":"2026-04-28T16:14:12","guid":{"rendered":"https:\/\/kemerkent.net\/?p=1135"},"modified":"2026-04-28T16:14:12","modified_gmt":"2026-04-28T16:14:12","slug":"akdenizin-canakkalesi-kemer-kocaburun-siperleri-ihya-ediliyor","status":"publish","type":"post","link":"https:\/\/kemerkent.net\/?p=1135","title":{"rendered":"AKDEN\u0130Z\u2019\u0130N \u00c7ANAKKALE\u2019S\u0130: KEMER KOCABURUN S\u0130PERLER\u0130 \u0130HYA ED\u0130L\u0130YOR!"},"content":{"rendered":"\n<p><strong>Kemer Kaymakaml\u0131\u011f\u0131, Birinci D\u00fcnya Sava\u015f\u0131\u2019n\u0131n gizli kahramanlar\u0131ndan Mustafa Ertu\u011frul Aker ve silah arkada\u015flar\u0131n\u0131n destan yazd\u0131\u011f\u0131 Kocaburun Siperleri\u2019ni g\u00fcn y\u00fcz\u00fcne \u00e7\u0131kar\u0131yor. \u00c7anakkale\u2019den gelen uzman ekip, tarihi siperlerin restorasyonu i\u00e7in incelemelere ba\u015flad\u0131.<\/strong><\/p>\n\n\n\n<p>Kemer, sadece denizi ve do\u011fas\u0131yla de\u011fil, \u015fanl\u0131 tarihiyle de turizmin \u00e7ekim merkezi olmaya haz\u0131rlan\u0131yor. Kaymakam Ahmet Solmaz\u2019\u0131n \u00f6nc\u00fcl\u00fc\u011f\u00fcnde ba\u015flat\u0131lan proje ile d\u00fcnya harp tarihinin \u00f6nemli noktalar\u0131ndan biri olan Kocaburun Siperleri, asl\u0131na uygun \u015fekilde ihya edilerek gelece\u011fe ta\u015f\u0131nacak.<\/p>\n\n\n\n<div class=\"bs-widget-title one\"><h3 class=\"wp-block-heading\"><span><i class=\"fas fa-arrow-right\"><\/i><\/span><strong>\u00c7anakkale\u2019den Kemer\u2019e Tarih K\u00f6pr\u00fcs\u00fc<\/strong> <\/h3><div class=\"border-line\"><\/div><\/div>\n\n\n\n<p>Projenin en kritik ad\u0131m\u0131 olarak, Kaymakam Ahmet Solmaz\u2019\u0131n davetiyle <strong>\u00c7anakkale Sava\u015flar\u0131 Gelibolu Tarihi Alan Ba\u015fkanl\u0131\u011f\u0131<\/strong>\u2019ndan uzman bir heyet Kemer\u2019e geldi. \u015eehitlikler ve An\u0131tlar Koordinat\u00f6r\u00fc Tolga Kaan \u00c7akmak ile Restorasyon ve Yap\u0131m Uygulamalar\u0131 Koordinat\u00f6r\u00fc Mustafa Kafkas Dereli\u2019nin de aralar\u0131nda bulundu\u011fu heyet, Kocaburun mevkiindeki siperlerde incelemelerde bulundu.<\/p>\n\n\n\n<div class=\"bs-widget-title one\"><h3 class=\"wp-block-heading\"><span><i class=\"fas fa-arrow-right\"><\/i><\/span><strong>Mustafa Ertu\u011frul Aker\u2019in Miras\u0131 Ya\u015fat\u0131lacak<\/strong> <\/h3><div class=\"border-line\"><\/div><\/div>\n\n\n\n<p>Ger\u00e7ekle\u015ftirilen g\u00f6r\u00fc\u015fmelerde; d\u00fcnya tarihinde ilk kez bir u\u00e7ak gemisini (HMS Ben-my-Chree) karadan top\u00e7u ate\u015fiyle bat\u0131ran <strong>Mustafa Ertu\u011frul Aker<\/strong> ve silah arkada\u015flar\u0131n\u0131n kulland\u0131\u011f\u0131 siperlerin g\u00fcn y\u00fcz\u00fcne \u00e7\u0131kar\u0131lmas\u0131 hedefleniyor. &#8220;Akdeniz\u2019in \u00c7anakkale\u2019si&#8221; olarak nitelendirilen bu alan\u0131n sadece bir sava\u015f hat\u0131ras\u0131 de\u011fil, milletin ortak haf\u0131zas\u0131n\u0131 yans\u0131tan bir an\u0131t b\u00f6lge oldu\u011fu vurguland\u0131.<\/p>\n\n\n\n<div class=\"bs-widget-title one\"><h3 class=\"wp-block-heading\"><span><i class=\"fas fa-arrow-right\"><\/i><\/span><strong>K\u00fclt\u00fcr Turizmine Yeni Bir Destinasyon<\/strong> <\/h3><div class=\"border-line\"><\/div><\/div>\n\n\n\n<p>Kaymakam Ahmet Solmaz, y\u00fcr\u00fct\u00fclecek \u00e7al\u0131\u015fmalarla siperlerin ziyaret\u00e7ilere a\u00e7\u0131laca\u011f\u0131n\u0131 ve b\u00f6lge turizmine yeni bir soluk getirilece\u011fini belirtti. Kurumlar aras\u0131 i\u015f birli\u011fiyle y\u00fcr\u00fct\u00fclecek restorasyon s\u00fcreciyle birlikte Kocaburun, tarih bilincini peki\u015ftiren ve yerli-yabanc\u0131 turistlerin ilgisini \u00e7ekecek \u00f6nemli bir k\u00fclt\u00fcr turizmi destinasyonu haline gelecek.<\/p>\n","protected":false},"excerpt":{"rendered":"<p>Kemer Kaymakaml\u0131\u011f\u0131, Birinci D\u00fcnya Sava\u015f\u0131\u2019n\u0131n gizli kahramanlar\u0131ndan Mustafa Ertu\u011frul Aker ve silah arkada\u015flar\u0131n\u0131n destan yazd\u0131\u011f\u0131&#8230;<\/p>\n","protected":false},"author":1,"featured_media":1136,"comment_status":"open","ping_status":"open","sticky":false,"template":"","format":"standard","meta":{"footnotes":""},"categories":[1],"tags":[],"class_list":["post-1135","post","type-post","status-publish","format-standard","has-post-thumbnail","hentry","category-uncategorized"],"_links":{"self":[{"href":"https:\/\/kemerkent.net\/index.php?rest_route=\/wp\/v2\/posts\/1135","targetHints":{"allow":["GET"]}}],"collection":[{"href":"https:\/\/kemerkent.net\/index.php?rest_route=\/wp\/v2\/posts"}],"about":[{"href":"https:\/\/kemerkent.net\/index.php?rest_route=\/wp\/v2\/types\/post"}],"author":[{"embeddable":true,"href":"https:\/\/kemerkent.net\/index.php?rest_route=\/wp\/v2\/users\/1"}],"replies":[{"embeddable":true,"href":"https:\/\/kemerkent.net\/index.php?rest_route=%2Fwp%2Fv2%2Fcomments&post=1135"}],"version-history":[{"count":1,"href":"https:\/\/kemerkent.net\/index.php?rest_route=\/wp\/v2\/posts\/1135\/revisions"}],"predecessor-version":[{"id":1137,"href":"https:\/\/kemerkent.net\/index.php?rest_route=\/wp\/v2\/posts\/1135\/revisions\/1137"}],"wp:featuredmedia":[{"embeddable":true,"href":"https:\/\/kemerkent.net\/index.php?rest_route=\/wp\/v2\/media\/1136"}],"wp:attachment":[{"href":"https:\/\/kemerkent.net\/index.php?rest_route=%2Fwp%2Fv2%2Fmedia&parent=1135"}],"wp:term":[{"taxonomy":"category","embeddable":true,"href":"https:\/\/kemerkent.net\/index.php?rest_route=%2Fwp%2Fv2%2Fcategories&post=1135"},{"taxonomy":"post_tag","embeddable":true,"href":"https:\/\/kemerkent.net\/index.php?rest_route=%2Fwp%2Fv2%2Ftags&post=1135"}],"curies":[{"name":"wp","href":"https:\/\/api.w.org\/{rel}","templated":true}]}}