{"id":1132,"date":"2026-04-28T16:06:11","date_gmt":"2026-04-28T16:06:11","guid":{"rendered":"https:\/\/kemerkent.net\/?p=1132"},"modified":"2026-04-28T16:06:12","modified_gmt":"2026-04-28T16:06:12","slug":"kemerin-genc-bilim-elcileri-dunya-sahnesinde-iac-2026da-kuantum-basarisi","status":"publish","type":"post","link":"https:\/\/kemerkent.net\/?p=1132","title":{"rendered":"KEMER\u2019\u0130N GEN\u00c7 B\u0130L\u0130M EL\u00c7\u0130LER\u0130 D\u00dcNYA SAHNES\u0130NDE: IAC 2026\u2019DA KUANTUM BA\u015eARISI!"},"content":{"rendered":"\n<p><strong>Kemer G\u00f6yn\u00fck Fen Lisesi \u00f6\u011frencileri Ertu\u011frul Emir H\u00fcy\u00fck ve Fevzi Kavlak, geli\u015ftirdikleri kuantum haberle\u015fme projesiyle d\u00fcnyan\u0131n en b\u00fcy\u00fck uzay kongresi IAC 2026\u2019ya kabul edildi. Kemerli gen\u00e7ler, d\u00fcnya devleriyle ayn\u0131 platformda sunum yapacak.<\/strong><\/p>\n\n\n\n<p>Antalya\u2019n\u0131n e\u011fitimdeki y\u00fckselen de\u011feri Kemer G\u00f6yn\u00fck Fen Lisesi, uluslararas\u0131 alanda tarihi bir ba\u015far\u0131ya imza att\u0131. Okul \u00f6\u011frencilerinden Ertu\u011frul Emir H\u00fcy\u00fck ve Fevzi Kavlak, haz\u0131rlad\u0131klar\u0131 \u201cKuantum Anahtar Temelli Kuantum Haberle\u015fme Modeli\u201d ba\u015fl\u0131kl\u0131 projeleriyle bilim d\u00fcnyas\u0131n\u0131n zirvesine davet edildi.<\/p>\n\n\n\n<p><strong>Uzay D\u00fcnyas\u0131n\u0131n Kalbi Antalya\u2019da Atacak<\/strong><br>Uluslararas\u0131 Astronotik Federasyonu (IAF) taraf\u0131ndan d\u00fczenlenen ve uzay alan\u0131nda d\u00fcnyan\u0131n en prestijli organizasyonu kabul edilen Uluslararas\u0131 Astronotik Kongresi (IAC 2026), bu y\u0131l 5\u20139 Ekim tarihleri aras\u0131nda Antalya\u2019da ger\u00e7ekle\u015ftirilecek. T\u00fcrk Uzay Ajans\u0131 ev sahipli\u011finde ve SAHA \u0130stanbul i\u015f birli\u011fiyle d\u00fczenlenecek olan kongre, binlerce bilim insan\u0131n\u0131 ve global teknoloji devlerini bir araya getirecek.<\/p>\n\n\n\n<p><strong>Uluslararas\u0131 Bilim Kurulundan Tam Not<\/strong><br>G\u00f6yn\u00fck Fen Lisesi \u00f6\u011frencilerinin haz\u0131rlad\u0131\u011f\u0131 \u00e7al\u0131\u015fma, uluslararas\u0131 bilim kurulunun titiz de\u011ferlendirme s\u00fcrecini ba\u015far\u0131yla tamamlad\u0131. Kuantum haberle\u015fmesi gibi ileri teknoloji gerektiren bir alanda ortaya koyduklar\u0131 modelle kabul alan gen\u00e7lerimiz, d\u00fcnyan\u0131n farkl\u0131 \u00fclkelerinden gelen ara\u015ft\u0131rmac\u0131larla \u00e7al\u0131\u015fmalar\u0131n\u0131 payla\u015farak T\u00fcrkiye\u2019yi temsil edecek.<\/p>\n\n\n\n<p><strong>Kaymakaml\u0131ktan Gen\u00e7 Yeteneklere Tebrik<\/strong><br>Kemer\u2019den \u00e7\u0131kan bu anlaml\u0131 ba\u015far\u0131, e\u011fitim camias\u0131nda ve il\u00e7ede b\u00fcy\u00fck bir sevin\u00e7le kar\u015f\u0131land\u0131. Kemer Kaymakaml\u0131\u011f\u0131 taraf\u0131ndan yap\u0131lan a\u00e7\u0131klamada, gen\u00e7lerimizin uluslararas\u0131 d\u00fczeyde rekabet edebilecek potansiyeline dikkat \u00e7ekilerek \u015fu ifadelere yer verildi:<\/p>\n\n\n\n<p>&#8220;\u00d6\u011frencilerimiz Ertu\u011frul Emir H\u00fcy\u00fck ve Fevzi Kavlak\u2019\u0131, onlar\u0131 bu yolda destekleyen ailelerini ve k\u0131ymetli \u00f6\u011fretmenlerimizi y\u00fcrekten tebrik ediyoruz. Kemer\u2019imizden \u00e7\u0131kan bu ba\u015far\u0131, \u00fclkemizin uzay vizyonuna katk\u0131 sunacak gen\u00e7lerimizin ne denli \u00fcretken oldu\u011funun en somut g\u00f6stergesidir. Gen\u00e7lerimize IAC 2026 yolunda ba\u015far\u0131lar diliyoruz.&#8221;<\/p>\n","protected":false},"excerpt":{"rendered":"<p>Kemer G\u00f6yn\u00fck Fen Lisesi \u00f6\u011frencileri Ertu\u011frul Emir H\u00fcy\u00fck ve Fevzi Kavlak, geli\u015ftirdikleri kuantum haberle\u015fme projesiyle&#8230;<\/p>\n","protected":false},"author":1,"featured_media":1133,"comment_status":"open","ping_status":"open","sticky":false,"template":"","format":"standard","meta":{"footnotes":""},"categories":[1],"tags":[],"class_list":["post-1132","post","type-post","status-publish","format-standard","has-post-thumbnail","hentry","category-uncategorized"],"_links":{"self":[{"href":"https:\/\/kemerkent.net\/index.php?rest_route=\/wp\/v2\/posts\/1132","targetHints":{"allow":["GET"]}}],"collection":[{"href":"https:\/\/kemerkent.net\/index.php?rest_route=\/wp\/v2\/posts"}],"about":[{"href":"https:\/\/kemerkent.net\/index.php?rest_route=\/wp\/v2\/types\/post"}],"author":[{"embeddable":true,"href":"https:\/\/kemerkent.net\/index.php?rest_route=\/wp\/v2\/users\/1"}],"replies":[{"embeddable":true,"href":"https:\/\/kemerkent.net\/index.php?rest_route=%2Fwp%2Fv2%2Fcomments&post=1132"}],"version-history":[{"count":1,"href":"https:\/\/kemerkent.net\/index.php?rest_route=\/wp\/v2\/posts\/1132\/revisions"}],"predecessor-version":[{"id":1134,"href":"https:\/\/kemerkent.net\/index.php?rest_route=\/wp\/v2\/posts\/1132\/revisions\/1134"}],"wp:featuredmedia":[{"embeddable":true,"href":"https:\/\/kemerkent.net\/index.php?rest_route=\/wp\/v2\/media\/1133"}],"wp:attachment":[{"href":"https:\/\/kemerkent.net\/index.php?rest_route=%2Fwp%2Fv2%2Fmedia&parent=1132"}],"wp:term":[{"taxonomy":"category","embeddable":true,"href":"https:\/\/kemerkent.net\/index.php?rest_route=%2Fwp%2Fv2%2Fcategories&post=1132"},{"taxonomy":"post_tag","embeddable":true,"href":"https:\/\/kemerkent.net\/index.php?rest_route=%2Fwp%2Fv2%2Ftags&post=1132"}],"curies":[{"name":"wp","href":"https:\/\/api.w.org\/{rel}","templated":true}]}}