{"id":1126,"date":"2026-04-26T13:47:55","date_gmt":"2026-04-26T13:47:55","guid":{"rendered":"https:\/\/kemerkent.net\/?p=1126"},"modified":"2026-04-26T13:47:55","modified_gmt":"2026-04-26T13:47:55","slug":"kemerden-bakuye-ticaret-koprusu-ozkan-cakmak-azerbaycan-temaslarinda","status":"publish","type":"post","link":"https:\/\/kemerkent.net\/?p=1126","title":{"rendered":"KEMER\u2019DEN BAK\u00dc\u2019YE T\u0130CARET K\u00d6PR\u00dcS\u00dc: \u00d6ZKAN \u00c7AKMAK AZERBAYCAN TEMASLARINDA!"},"content":{"rendered":"\n<p><strong>Kemer Turizmci ve \u0130\u015f \u0130nsanlar\u0131 Derne\u011fi (KEM\u0130AD) Ba\u015fkan\u0131 \u00d6zkan \u00c7akmak, Bat\u0131 Akdeniz sanayici ve i\u015f d\u00fcnyas\u0131n\u0131n Bak\u00fc \u00e7\u0131kartmas\u0131na kat\u0131ld\u0131. BAKS\u0130FED \u00f6nc\u00fcl\u00fc\u011f\u00fcnde ger\u00e7ekle\u015fen ziyarette, Antalya ve Bak\u00fc aras\u0131ndaki ticari i\u015f birli\u011fi f\u0131rsatlar\u0131 masaya yat\u0131r\u0131ld\u0131.<\/strong><\/p>\n\n\n\n<p>Bat\u0131 Akdeniz Sanayici ve \u0130\u015f D\u00fcnyas\u0131 Federasyonu (BAKS\u0130FED) \u00f6nc\u00fcl\u00fc\u011f\u00fcnde d\u00fczenlenen Azerbaycan program\u0131, b\u00f6lge i\u015f d\u00fcnyas\u0131n\u0131n \u00f6nemli isimlerini Bak\u00fc\u2019de bulu\u015fturdu. KEM\u0130AD Ba\u015fkan\u0131 \u00d6zkan \u00c7akmak\u2019\u0131n da yer ald\u0131\u011f\u0131 heyet, iki dost \u00fclke aras\u0131ndaki ekonomik ili\u015fkileri g\u00fc\u00e7lendirmek ad\u0131na hem diplomatik hem de ticari d\u00fczeyde bir dizi kritik g\u00f6r\u00fc\u015fme ger\u00e7ekle\u015ftirdi.<\/p>\n\n\n\n<figure class=\"wp-block-image size-large\"><img loading=\"lazy\" decoding=\"async\" width=\"1024\" height=\"669\" src=\"https:\/\/kemerkent.net\/wp-content\/uploads\/2026\/04\/baks_2-1024x669.jpg\" alt=\"\" class=\"wp-image-1127\" srcset=\"https:\/\/kemerkent.net\/wp-content\/uploads\/2026\/04\/baks_2-1024x669.jpg 1024w, https:\/\/kemerkent.net\/wp-content\/uploads\/2026\/04\/baks_2-300x196.jpg 300w, https:\/\/kemerkent.net\/wp-content\/uploads\/2026\/04\/baks_2-768x502.jpg 768w, https:\/\/kemerkent.net\/wp-content\/uploads\/2026\/04\/baks_2.jpg 1061w\" sizes=\"auto, (max-width: 1024px) 100vw, 1024px\" \/><\/figure>\n\n\n\n<div class=\"bs-widget-title one\"><h3 class=\"wp-block-heading\"><span><i class=\"fas fa-arrow-right\"><\/i><\/span><strong>\u0130\u015f D\u00fcnyas\u0131 Bulu\u015fmas\u0131: &#8220;Yat\u0131r\u0131m F\u0131rsatlar\u0131 De\u011ferlendirildi&#8221;<\/strong> <\/h3><div class=\"border-line\"><\/div><\/div>\n\n\n\n<p>Bak\u00fc temaslar\u0131n\u0131n ilk dura\u011f\u0131nda, BAKS\u0130FED Ba\u015fkan\u0131 Mustafa Cengiz ve beraberindeki heyet, <strong>Azerbaycan-T\u00fcrkiye \u0130\u015f Adamlar\u0131 Birli\u011fi (AT\u0130B)<\/strong> Y\u00f6netim Kurulu Ba\u015fkan\u0131 M\u00fcrsel R\u00fcstemov ve y\u00f6netim kurulu \u00fcyeleriyle bir araya geldi. Antalya i\u015f d\u00fcnyas\u0131n\u0131 temsilen ger\u00e7ekle\u015fen bu anlaml\u0131 g\u00f6r\u00fc\u015fmede; ticari ili\u015fkilerin geli\u015ftirilmesi, yeni yat\u0131r\u0131m alanlar\u0131 ve iki \u00fclke i\u015f d\u00fcnyas\u0131 aras\u0131ndaki entegrasyonun art\u0131r\u0131lmas\u0131 \u00fczerine verimli isti\u015farelerde bulunuldu.<\/p>\n\n\n\n<div class=\"bs-widget-title one\"><h3 class=\"wp-block-heading\"><span><i class=\"fas fa-arrow-right\"><\/i><\/span><strong>B\u00fcy\u00fckel\u00e7ilik D\u00fczeyinde Diplomatik Destek<\/strong> <\/h3><div class=\"border-line\"><\/div><\/div>\n\n\n\n<p>KEM\u0130AD Ba\u015fkan\u0131 \u00d6zkan \u00c7akmak ve heyet \u00fcyeleri, program kapsam\u0131nda <strong>T.C. Bak\u00fc B\u00fcy\u00fckel\u00e7isi Prof. Dr. Birol Akg\u00fcn<\/strong>\u2019\u00fc de makam\u0131nda ziyaret etti. B\u00fcy\u00fckel\u00e7ilik nezdinde ger\u00e7ekle\u015fen g\u00f6r\u00fc\u015fmede, T\u00fcrkiye ile Azerbaycan aras\u0131ndaki sars\u0131lmaz ba\u011flar\u0131n ekonomik i\u015f birlikleriyle daha da ta\u00e7land\u0131r\u0131lmas\u0131 gerekti\u011fi vurguland\u0131.<\/p>\n\n\n\n<figure class=\"wp-block-image size-full\"><img loading=\"lazy\" decoding=\"async\" width=\"900\" height=\"749\" src=\"https:\/\/kemerkent.net\/wp-content\/uploads\/2026\/04\/baks_4-1.jpg\" alt=\"\" class=\"wp-image-1129\" srcset=\"https:\/\/kemerkent.net\/wp-content\/uploads\/2026\/04\/baks_4-1.jpg 900w, https:\/\/kemerkent.net\/wp-content\/uploads\/2026\/04\/baks_4-1-300x250.jpg 300w, https:\/\/kemerkent.net\/wp-content\/uploads\/2026\/04\/baks_4-1-768x639.jpg 768w\" sizes=\"auto, (max-width: 900px) 100vw, 900px\" \/><\/figure>\n\n\n\n<div class=\"bs-widget-title one\"><h3 class=\"wp-block-heading\"><span><i class=\"fas fa-arrow-right\"><\/i><\/span><strong>Ba\u015fkan \u00c7akmak: &#8220;Somut Ad\u0131mlar\u0131n \u00d6nemine \u0130nan\u0131yoruz&#8221;<\/strong> <\/h3><div class=\"border-line\"><\/div><\/div>\n\n\n\n<p>Ziyaretleri de\u011ferlendiren KEM\u0130AD Ba\u015fkan\u0131 \u00d6zkan \u00c7akmak, bu temaslar\u0131n iki \u00fclke aras\u0131ndaki ekonomik ba\u011flar\u0131 g\u00fc\u00e7lendirmede b\u00fcy\u00fck rol oynayaca\u011f\u0131n\u0131 belirterek \u015funlar\u0131 s\u00f6yledi:<\/p>\n\n\n\n<blockquote class=\"wp-block-quote is-layout-flow wp-block-quote-is-layout-flow\">\n<p><em>&#8220;T\u00fcrkiye ile Azerbaycan aras\u0131ndaki sars\u0131lmaz dostlu\u011fu, ticari ve ekonomik i\u015f birlikleriyle daha ileri bir noktaya ta\u015f\u0131mak temel hedefimizdir. Bak\u00fc temaslar\u0131m\u0131zda, \u00f6zellikle Antalya ve Kemer b\u00f6lgemizin potansiyelini aktarma f\u0131rsat\u0131 bulduk. At\u0131lan bu somut ad\u0131mlar\u0131n, i\u015f d\u00fcnyam\u0131z i\u00e7in yeni kap\u0131lar aralayaca\u011f\u0131na inan\u0131yoruz.&#8221;<\/em><\/p>\n<\/blockquote>\n","protected":false},"excerpt":{"rendered":"<p>Kemer Turizmci ve \u0130\u015f \u0130nsanlar\u0131 Derne\u011fi (KEM\u0130AD) Ba\u015fkan\u0131 \u00d6zkan \u00c7akmak, Bat\u0131 Akdeniz sanayici ve i\u015f&#8230;<\/p>\n","protected":false},"author":1,"featured_media":1130,"comment_status":"open","ping_status":"open","sticky":false,"template":"","format":"standard","meta":{"footnotes":""},"categories":[1],"tags":[],"class_list":["post-1126","post","type-post","status-publish","format-standard","has-post-thumbnail","hentry","category-uncategorized"],"_links":{"self":[{"href":"https:\/\/kemerkent.net\/index.php?rest_route=\/wp\/v2\/posts\/1126","targetHints":{"allow":["GET"]}}],"collection":[{"href":"https:\/\/kemerkent.net\/index.php?rest_route=\/wp\/v2\/posts"}],"about":[{"href":"https:\/\/kemerkent.net\/index.php?rest_route=\/wp\/v2\/types\/post"}],"author":[{"embeddable":true,"href":"https:\/\/kemerkent.net\/index.php?rest_route=\/wp\/v2\/users\/1"}],"replies":[{"embeddable":true,"href":"https:\/\/kemerkent.net\/index.php?rest_route=%2Fwp%2Fv2%2Fcomments&post=1126"}],"version-history":[{"count":1,"href":"https:\/\/kemerkent.net\/index.php?rest_route=\/wp\/v2\/posts\/1126\/revisions"}],"predecessor-version":[{"id":1131,"href":"https:\/\/kemerkent.net\/index.php?rest_route=\/wp\/v2\/posts\/1126\/revisions\/1131"}],"wp:featuredmedia":[{"embeddable":true,"href":"https:\/\/kemerkent.net\/index.php?rest_route=\/wp\/v2\/media\/1130"}],"wp:attachment":[{"href":"https:\/\/kemerkent.net\/index.php?rest_route=%2Fwp%2Fv2%2Fmedia&parent=1126"}],"wp:term":[{"taxonomy":"category","embeddable":true,"href":"https:\/\/kemerkent.net\/index.php?rest_route=%2Fwp%2Fv2%2Fcategories&post=1126"},{"taxonomy":"post_tag","embeddable":true,"href":"https:\/\/kemerkent.net\/index.php?rest_route=%2Fwp%2Fv2%2Ftags&post=1126"}],"curies":[{"name":"wp","href":"https:\/\/api.w.org\/{rel}","templated":true}]}}