{"id":1123,"date":"2026-04-26T13:30:51","date_gmt":"2026-04-26T13:30:51","guid":{"rendered":"https:\/\/kemerkent.net\/?p=1123"},"modified":"2026-04-26T13:30:51","modified_gmt":"2026-04-26T13:30:51","slug":"sinasi-gurocak-vazgecilmez-bir-destinasyonuz","status":"publish","type":"post","link":"https:\/\/kemerkent.net\/?p=1123","title":{"rendered":"\u015e\u0130NAS\u0130 G\u00dcROCAK:&#8217; VAZGE\u00c7\u0130LMEZ B\u0130R DEST\u0130NASYONUZ!"},"content":{"rendered":"\n<p><strong>Antalya\u2019n\u0131n g\u00f6zde turizm merkezlerinden Kemer\u2019de faaliyet g\u00f6steren Siu Collection, 2026 yaz sezonu i\u00e7in misafirlerini a\u011f\u0131rlamaya ba\u015flad\u0131. Genel M\u00fcd\u00fcr \u015einasi G\u00fcrocak, maliyet art\u0131\u015flar\u0131na ra\u011fmen rezervasyon ak\u0131\u015f\u0131ndan memnun olduklar\u0131n\u0131 belirterek, &#8220;T\u00fcrkiye vazge\u00e7ilmez bir destinasyon&#8221; dedi.<\/strong><\/p>\n\n\n\n<p>T\u00fcrk turizminin lokomotifi Antalya\u2019da sezon a\u00e7\u0131l\u0131\u015flar\u0131 h\u0131z kesmeden devam ediyor. Kemer b\u00f6lgesinin dikkat \u00e7eken tesislerinden Siu Collection, \u015einasi G\u00fcrocak y\u00f6netiminde kap\u0131lar\u0131n\u0131 a\u00e7arak 2026 yaz sezonuna resmi olarak giri\u015f yapt\u0131.<\/p>\n\n\n\n<p><strong>&#8220;Pani\u011fe Gerek Yok, 2025\u2019ten Daha \u0130yiyiz&#8221;<\/strong><\/p>\n\n\n\n<p>Sezonun ilk verilerini de\u011ferlendiren Siu Collection Genel M\u00fcd\u00fcr\u00fc \u015einasi G\u00fcrocak, \u00f6zellikle May\u0131s ay\u0131 rezervasyonlar\u0131n\u0131n sevindirici d\u00fczeyde oldu\u011funu ifade etti. T\u00fcrkiye\u2019nin hizmet kalitesinin d\u00fcnyada rakipsiz oldu\u011funu vurgulayan G\u00fcrocak; &#8220;Rezervasyonlar\u0131m\u0131z May\u0131s ay\u0131 i\u00e7in olduk\u00e7a iyi gidiyor. Misafirlerimiz T\u00fcrkiye\u2019nin kalitesinden memnun olduklar\u0131 i\u00e7in bizi tercih etmeye devam ediyor. Pani\u011fe gerek yok; May\u0131s ay\u0131 \u00f6zelinde 2025 verilerinin \u00fczerindeyiz.&#8221; a\u00e7\u0131klamas\u0131nda bulundu.<\/p>\n\n\n\n<p><strong>Tesisin pazar stratejisinde bu y\u0131l \u00f6nemli de\u011fi\u015fiklikler dikkat \u00e7ekiyor.<\/strong><\/p>\n\n\n\n<p>Geleneksel pazarlar\u0131n yan\u0131 s\u0131ra yeni i\u015f birliklerine odakland\u0131klar\u0131n\u0131 da belirten G\u00fcrocak, Frans\u0131zlar ile \u00f6zel bir anla\u015fma yaparak &#8220;Club&#8221; konseptine ge\u00e7i\u015f yapt\u0131klar\u0131n\u0131 ve art\u0131k tesislerinde Frans\u0131z ile \u0130ngiliz misafirleri daha yo\u011fun bir \u015fekilde a\u011f\u0131rlayacaklar\u0131n\u0131 ifade etti. Rusya ve Balt\u0131k pazarlar\u0131ndaki hareketlili\u011fin de devam etti\u011fini belirten \u015einasi G\u00fcrocak, pazarlar\u0131n birbirini dengeledi\u011fini ve olas\u0131 iptallerin risk olu\u015fturmad\u0131\u011f\u0131n\u0131 ifade etti.<\/p>\n\n\n\n<p><strong>En B\u00fcy\u00fck Zorluk: Maliyet Y\u00f6netimi<\/strong><\/p>\n\n\n\n<p>Turizm sekt\u00f6r\u00fcn\u00fcn genel sorunu olan maliyet art\u0131\u015flar\u0131na da de\u011finen \u015einasi G\u00fcrocak, &#8220;En b\u00fcy\u00fck s\u0131k\u0131nt\u0131m\u0131z maliyetlerle m\u00fccadele etmek.Planlad\u0131\u011f\u0131m\u0131z tarihte kap\u0131lar\u0131m\u0131z\u0131 a\u00e7t\u0131k. T\u00fcrkiye iyi bir pazar ve d\u00fcnya bu destinasyondan vazge\u00e7emez.&#8221; dedi.<\/p>\n\n\n\n<p><strong>&#8220;Son Dakika&#8221; Rezervasyon Beklentisi<\/strong><\/p>\n\n\n\n<p>B\u00f6lgedeki jeopolitik geli\u015fmelere ba\u011fl\u0131 olu\u015fan karamsarl\u0131\u011fa ra\u011fmen T\u00fcrkiye\u2019ye olan g\u00fcvenin tam oldu\u011funu hat\u0131rlatan G\u00fcrocak, sezonun geri kalan\u0131nda &#8220;son dakika&#8221; rezervasyonlar\u0131n\u0131n belirleyici olaca\u011f\u0131n\u0131 ve ak\u0131\u015f\u0131n bu y\u00f6nde g\u00fc\u00e7lenece\u011fini \u00f6ng\u00f6rd\u00fcklerini belirtti.<\/p>\n","protected":false},"excerpt":{"rendered":"<p>Antalya\u2019n\u0131n g\u00f6zde turizm merkezlerinden Kemer\u2019de faaliyet g\u00f6steren Siu Collection, 2026 yaz sezonu i\u00e7in misafirlerini a\u011f\u0131rlamaya&#8230;<\/p>\n","protected":false},"author":1,"featured_media":1124,"comment_status":"open","ping_status":"open","sticky":false,"template":"","format":"standard","meta":{"footnotes":""},"categories":[1],"tags":[],"class_list":["post-1123","post","type-post","status-publish","format-standard","has-post-thumbnail","hentry","category-uncategorized"],"_links":{"self":[{"href":"https:\/\/kemerkent.net\/index.php?rest_route=\/wp\/v2\/posts\/1123","targetHints":{"allow":["GET"]}}],"collection":[{"href":"https:\/\/kemerkent.net\/index.php?rest_route=\/wp\/v2\/posts"}],"about":[{"href":"https:\/\/kemerkent.net\/index.php?rest_route=\/wp\/v2\/types\/post"}],"author":[{"embeddable":true,"href":"https:\/\/kemerkent.net\/index.php?rest_route=\/wp\/v2\/users\/1"}],"replies":[{"embeddable":true,"href":"https:\/\/kemerkent.net\/index.php?rest_route=%2Fwp%2Fv2%2Fcomments&post=1123"}],"version-history":[{"count":1,"href":"https:\/\/kemerkent.net\/index.php?rest_route=\/wp\/v2\/posts\/1123\/revisions"}],"predecessor-version":[{"id":1125,"href":"https:\/\/kemerkent.net\/index.php?rest_route=\/wp\/v2\/posts\/1123\/revisions\/1125"}],"wp:featuredmedia":[{"embeddable":true,"href":"https:\/\/kemerkent.net\/index.php?rest_route=\/wp\/v2\/media\/1124"}],"wp:attachment":[{"href":"https:\/\/kemerkent.net\/index.php?rest_route=%2Fwp%2Fv2%2Fmedia&parent=1123"}],"wp:term":[{"taxonomy":"category","embeddable":true,"href":"https:\/\/kemerkent.net\/index.php?rest_route=%2Fwp%2Fv2%2Fcategories&post=1123"},{"taxonomy":"post_tag","embeddable":true,"href":"https:\/\/kemerkent.net\/index.php?rest_route=%2Fwp%2Fv2%2Ftags&post=1123"}],"curies":[{"name":"wp","href":"https:\/\/api.w.org\/{rel}","templated":true}]}}