{"id":1117,"date":"2026-04-26T13:16:43","date_gmt":"2026-04-26T13:16:43","guid":{"rendered":"https:\/\/kemerkent.net\/?p=1117"},"modified":"2026-04-26T13:16:44","modified_gmt":"2026-04-26T13:16:44","slug":"kemerde-egitimin-huzuru-icin-guvenlik-zirvesi","status":"publish","type":"post","link":"https:\/\/kemerkent.net\/?p=1117","title":{"rendered":"KEMER\u2019DE E\u011e\u0130T\u0130M\u0130N HUZURU \u0130\u00c7\u0130N &#8220;G\u00dcVENL\u0130K&#8221; Z\u0130RVES\u0130"},"content":{"rendered":"\n<p><strong>Kemer Kaymakam\u0131 Ahmet Solmaz ba\u015fkanl\u0131\u011f\u0131nda toplanan il\u00e7e protokol\u00fc, okullarda g\u00fcvenlik tedbirlerini masaya yat\u0131rd\u0131. Kaymakam Solmaz, &#8220;E\u011fitim ortamlar\u0131nda g\u00fcvenli\u011fin sa\u011flanmas\u0131 en \u00fcst d\u00fczey \u00f6nceli\u011fimizdir&#8221; mesaj\u0131n\u0131 verdi.<\/strong><\/p>\n\n\n\n<p>Kemer\u2019de e\u011fitim-\u00f6\u011fretim ortamlar\u0131n\u0131n daha huzurlu ve g\u00fcvenli hale getirilmesi amac\u0131yla geni\u015f kapsaml\u0131 bir <strong>\u201cOkul G\u00fcvenli\u011fi Tedbirleri Toplant\u0131s\u0131\u201d<\/strong> ger\u00e7ekle\u015ftirildi. \u0130l\u00e7edeki t\u00fcm payda\u015flar\u0131 bir araya getiren toplant\u0131da, \u00f6\u011frencilerin g\u00fcvenli\u011fini tehdit edebilecek unsurlara kar\u015f\u0131 al\u0131nacak \u00f6nlemler ve kurumlar aras\u0131 koordinasyon stratejileri belirlendi.<\/p>\n\n\n\n<div class=\"bs-widget-title one\"><h3 class=\"wp-block-heading\"><span><i class=\"fas fa-arrow-right\"><\/i><\/span><strong>Protokol ve E\u011fitim Camias\u0131 Tek Ses<\/strong> <\/h3><div class=\"border-line\"><\/div><\/div>\n\n\n\n<p>Kemer Kaymakam\u0131 Ahmet Solmaz ba\u015fkanl\u0131\u011f\u0131nda d\u00fczenlenen toplant\u0131ya; Kemer Belediye Ba\u015fkan\u0131 <strong>Necati Topalo\u011flu<\/strong>, \u0130l\u00e7e Milli E\u011fitim M\u00fcd\u00fcrl\u00fc\u011f\u00fc yetkilileri, \u0130l\u00e7e Emniyet M\u00fcd\u00fcrl\u00fc\u011f\u00fc ve \u0130l\u00e7e Jandarma Komutanl\u0131\u011f\u0131 temsilcileri, okul m\u00fcd\u00fcrleri ile okul aile birli\u011fi ba\u015fkanlar\u0131 kat\u0131ld\u0131. Kamu kurumlar\u0131n\u0131n temsilcilerinin de yer ald\u0131\u011f\u0131 zirvede, &#8220;g\u00fcvenli e\u011fitim&#8221; i\u00e7in tam mutabakat sa\u011fland\u0131.<\/p>\n\n\n\n<div class=\"bs-widget-title one\"><h3 class=\"wp-block-heading\"><span><i class=\"fas fa-arrow-right\"><\/i><\/span><strong>\u00d6ncelikli Hedef: Huzurlu E\u011fitim Ortam\u0131<\/strong> <\/h3><div class=\"border-line\"><\/div><\/div>\n\n\n\n<p>Toplant\u0131da, \u00f6\u011frencilerin okul \u00e7evrelerinde ve servis g\u00fczergahlar\u0131nda huzur i\u00e7erisinde e\u011fitimlerini s\u00fcrd\u00fcrebilmeleri ad\u0131na halihaz\u0131rda uygulanan tedbirler de\u011ferlendirilirken, \u00f6n\u00fcm\u00fczdeki s\u00fcre\u00e7te hayata ge\u00e7irilmesi planlanan yeni g\u00fcvenlik protokolleri \u00fczerinde duruldu. \u00d6zellikle okul \u00e7evrelerindeki denetimlerin art\u0131r\u0131lmas\u0131 ve teknolojik imkanlar\u0131n (kamera vb.) etkin kullan\u0131m\u0131 konular\u0131 karara ba\u011fland\u0131.<\/p>\n","protected":false},"excerpt":{"rendered":"<p>Kemer Kaymakam\u0131 Ahmet Solmaz ba\u015fkanl\u0131\u011f\u0131nda toplanan il\u00e7e protokol\u00fc, okullarda g\u00fcvenlik tedbirlerini masaya yat\u0131rd\u0131. Kaymakam Solmaz,&#8230;<\/p>\n","protected":false},"author":1,"featured_media":1118,"comment_status":"open","ping_status":"open","sticky":false,"template":"","format":"standard","meta":{"footnotes":""},"categories":[1],"tags":[],"class_list":["post-1117","post","type-post","status-publish","format-standard","has-post-thumbnail","hentry","category-uncategorized"],"_links":{"self":[{"href":"https:\/\/kemerkent.net\/index.php?rest_route=\/wp\/v2\/posts\/1117","targetHints":{"allow":["GET"]}}],"collection":[{"href":"https:\/\/kemerkent.net\/index.php?rest_route=\/wp\/v2\/posts"}],"about":[{"href":"https:\/\/kemerkent.net\/index.php?rest_route=\/wp\/v2\/types\/post"}],"author":[{"embeddable":true,"href":"https:\/\/kemerkent.net\/index.php?rest_route=\/wp\/v2\/users\/1"}],"replies":[{"embeddable":true,"href":"https:\/\/kemerkent.net\/index.php?rest_route=%2Fwp%2Fv2%2Fcomments&post=1117"}],"version-history":[{"count":1,"href":"https:\/\/kemerkent.net\/index.php?rest_route=\/wp\/v2\/posts\/1117\/revisions"}],"predecessor-version":[{"id":1119,"href":"https:\/\/kemerkent.net\/index.php?rest_route=\/wp\/v2\/posts\/1117\/revisions\/1119"}],"wp:featuredmedia":[{"embeddable":true,"href":"https:\/\/kemerkent.net\/index.php?rest_route=\/wp\/v2\/media\/1118"}],"wp:attachment":[{"href":"https:\/\/kemerkent.net\/index.php?rest_route=%2Fwp%2Fv2%2Fmedia&parent=1117"}],"wp:term":[{"taxonomy":"category","embeddable":true,"href":"https:\/\/kemerkent.net\/index.php?rest_route=%2Fwp%2Fv2%2Fcategories&post=1117"},{"taxonomy":"post_tag","embeddable":true,"href":"https:\/\/kemerkent.net\/index.php?rest_route=%2Fwp%2Fv2%2Ftags&post=1117"}],"curies":[{"name":"wp","href":"https:\/\/api.w.org\/{rel}","templated":true}]}}