{"id":1114,"date":"2026-04-26T13:09:01","date_gmt":"2026-04-26T13:09:01","guid":{"rendered":"https:\/\/kemerkent.net\/?p=1114"},"modified":"2026-04-26T13:09:01","modified_gmt":"2026-04-26T13:09:01","slug":"kemerde-tenis-soleni-16-ulkeden-182-sporcu-korta-cikti","status":"publish","type":"post","link":"https:\/\/kemerkent.net\/?p=1114","title":{"rendered":"KEMER\u2019DE TEN\u0130S \u015e\u00d6LEN\u0130: 16 \u00dcLKEDEN 182 SPORCU KORTA \u00c7IKTI!"},"content":{"rendered":"\n<p><strong>Kemer, uluslararas\u0131 tenis d\u00fcnyas\u0131n\u0131n gen\u00e7 yeteneklerini a\u011f\u0131rlad\u0131. Ten-Pro Global Junior Tour kapsam\u0131nda d\u00fczenlenen dev turnuva, 16 \u00fclkeden gelen sporcular\u0131n k\u0131yas\u0131ya m\u00fccadelesine sahne olurken; organizasyonun finalinde \u015fampiyonlar kupalar\u0131na kavu\u015ftu.<\/strong><\/p>\n\n\n\n<p>Antalya\u2019n\u0131n turizm kadar sporla da an\u0131lan il\u00e7esi Kemer, uluslararas\u0131 d\u00fczeyde prestijli bir organizasyona daha ba\u015far\u0131yla ev sahipli\u011fi yapt\u0131. <strong>Ten-Pro Global Junior Tour<\/strong> tenis turnuvas\u0131, kortlarda sergilenen y\u00fcksek performans ve rekabetle sporseverlerden tam not ald\u0131.<\/p>\n\n\n\n<div class=\"bs-widget-title one\"><h3 class=\"wp-block-heading\"><span><i class=\"fas fa-arrow-right\"><\/i><\/span><strong>Gelece\u011fin Y\u0131ld\u0131zlar\u0131 Kemer\u2019de Parlad\u0131<\/strong> <\/h3><div class=\"border-line\"><\/div><\/div>\n\n\n\n<p>D\u00fcnyan\u0131n d\u00f6rt bir yan\u0131ndan gelen 182 gen\u00e7 sporcunun kat\u0131ld\u0131\u011f\u0131 turnuvada, tenis\u00e7iler \u015fampiyonluk i\u00e7in ter d\u00f6kt\u00fc. 16 farkl\u0131 \u00fclkeden gelen sporcular\u0131n kat\u0131l\u0131m\u0131yla ger\u00e7ekle\u015fen organizasyon, sporun birle\u015ftirici g\u00fcc\u00fcn\u00fc bir kez daha Kemer kortlar\u0131nda kan\u0131tlad\u0131. Gen\u00e7 yeteneklerin profesyonellere ta\u015f \u00e7\u0131kartan performanslar\u0131, izleyenlere b\u00fcy\u00fck heyecan ya\u015fatt\u0131.<\/p>\n\n\n\n<div class=\"bs-widget-title one\"><h3 class=\"wp-block-heading\"><span><i class=\"fas fa-arrow-right\"><\/i><\/span><strong>\u00d6d\u00fcller Kaymakam Ahmet Solmaz\u2019dan<\/strong> <\/h3><div class=\"border-line\"><\/div><\/div>\n\n\n\n<p>Turnuvan\u0131n sona ermesiyle birlikte dereceye giren sporcular i\u00e7in g\u00f6rkemli bir \u00f6d\u00fcl t\u00f6reni d\u00fczenlendi. T\u00f6ne kat\u0131lan <strong>Kemer Kaymakam\u0131 Ahmet Solmaz<\/strong>, gen\u00e7 \u015fampiyonlar\u0131 tebrik ederek kupalar\u0131n\u0131 takdim etti. Kaymakam Solmaz, bu t\u00fcr uluslararas\u0131 organizasyonlar\u0131n Kemer\u2019in marka de\u011ferine ve spor turizmine katk\u0131s\u0131n\u0131n \u00e7ok b\u00fcy\u00fck oldu\u011funu vurgulad\u0131.<\/p>\n\n\n\n<div class=\"bs-widget-title one\"><h3 class=\"wp-block-heading\"><span><i class=\"fas fa-arrow-right\"><\/i><\/span><strong>Corendon Tennis Club Kemer\u2019e Te\u015fekk\u00fcr<\/strong> <\/h3><div class=\"border-line\"><\/div><\/div>\n\n\n\n<p>Kemer\u2019i tenisin merkezi haline getirme yolunda b\u00fcy\u00fck bir ad\u0131m olan organizasyona ev sahipli\u011fi yapan <strong>Corendon Tennis Club Kemer<\/strong>, modern tesisleri ve kusursuz operasyonuyla takdir toplad\u0131. Tenis sporuna sa\u011flad\u0131klar\u0131 altyap\u0131 deste\u011fi ve vizyoner yakla\u015f\u0131mlar\u0131yla kul\u00fcp, gelece\u011fin \u015fampiyonlar\u0131n\u0131n yeti\u015fmesine \u00f6nemli bir zemin haz\u0131rlad\u0131.<\/p>\n","protected":false},"excerpt":{"rendered":"<p>Kemer, uluslararas\u0131 tenis d\u00fcnyas\u0131n\u0131n gen\u00e7 yeteneklerini a\u011f\u0131rlad\u0131. Ten-Pro Global Junior Tour kapsam\u0131nda d\u00fczenlenen dev turnuva,&#8230;<\/p>\n","protected":false},"author":1,"featured_media":1115,"comment_status":"open","ping_status":"open","sticky":false,"template":"","format":"standard","meta":{"footnotes":""},"categories":[1],"tags":[],"class_list":["post-1114","post","type-post","status-publish","format-standard","has-post-thumbnail","hentry","category-uncategorized"],"_links":{"self":[{"href":"https:\/\/kemerkent.net\/index.php?rest_route=\/wp\/v2\/posts\/1114","targetHints":{"allow":["GET"]}}],"collection":[{"href":"https:\/\/kemerkent.net\/index.php?rest_route=\/wp\/v2\/posts"}],"about":[{"href":"https:\/\/kemerkent.net\/index.php?rest_route=\/wp\/v2\/types\/post"}],"author":[{"embeddable":true,"href":"https:\/\/kemerkent.net\/index.php?rest_route=\/wp\/v2\/users\/1"}],"replies":[{"embeddable":true,"href":"https:\/\/kemerkent.net\/index.php?rest_route=%2Fwp%2Fv2%2Fcomments&post=1114"}],"version-history":[{"count":1,"href":"https:\/\/kemerkent.net\/index.php?rest_route=\/wp\/v2\/posts\/1114\/revisions"}],"predecessor-version":[{"id":1116,"href":"https:\/\/kemerkent.net\/index.php?rest_route=\/wp\/v2\/posts\/1114\/revisions\/1116"}],"wp:featuredmedia":[{"embeddable":true,"href":"https:\/\/kemerkent.net\/index.php?rest_route=\/wp\/v2\/media\/1115"}],"wp:attachment":[{"href":"https:\/\/kemerkent.net\/index.php?rest_route=%2Fwp%2Fv2%2Fmedia&parent=1114"}],"wp:term":[{"taxonomy":"category","embeddable":true,"href":"https:\/\/kemerkent.net\/index.php?rest_route=%2Fwp%2Fv2%2Fcategories&post=1114"},{"taxonomy":"post_tag","embeddable":true,"href":"https:\/\/kemerkent.net\/index.php?rest_route=%2Fwp%2Fv2%2Ftags&post=1114"}],"curies":[{"name":"wp","href":"https:\/\/api.w.org\/{rel}","templated":true}]}}